{"id":1511,"date":"2026-02-04T11:12:26","date_gmt":"2026-02-04T09:12:26","guid":{"rendered":"http:\/\/aari-forest.local\/?p=1511"},"modified":"2026-02-04T11:12:27","modified_gmt":"2026-02-04T09:12:27","slug":"miten-metsan-arvo-maaritetaan-vai-voidaanko-sita-maaritella","status":"publish","type":"post","link":"https:\/\/aarimetsa.fi\/en\/articles\/miten-metsan-arvo-maaritetaan-vai-voidaanko-sita-maaritella\/","title":{"rendered":"Miten mets\u00e4n arvo m\u00e4\u00e4ritet\u00e4\u00e4n? Vai voidaanko sit\u00e4 m\u00e4\u00e4ritell\u00e4?\u00a0"},"content":{"rendered":"<p><br>Moni miettii,&nbsp;mik\u00e4&nbsp;on mets\u00e4n arvo. Mik\u00e4 on mets\u00e4n keskim\u00e4\u00e4r\u00e4inen hehtaarihinta? Kuinka paljon on mets\u00e4n tuotto hehtaaria kohden.&nbsp;Mik\u00e4 on puuston arvo hehtaarilla?&nbsp;N\u00e4ihin&nbsp;kysymyksiin ei&nbsp;ole&nbsp;olemassa&nbsp;yksiselitteist\u00e4 vastausta.&nbsp;Mets\u00e4n arvo voi&nbsp;olla jotain&nbsp;aivan&nbsp;muuta kuin euroja. Eri ihmiset my\u00f6s painottavat eri asioita.&nbsp;Taloudellista n\u00e4k\u00f6kulmaa&nbsp;korostavan mets\u00e4nomistajan tavoitteet ja odotukset voivat olla hyvin erilaiset&nbsp;kuin luontoarvoja ja monimuotoisuutta painottavan&nbsp;mets\u00e4n virkistysk\u00e4ytt\u00e4j\u00e4n.&nbsp;&nbsp;<br><\/p>\n\n\n\n<h2 class=\"wp-block-heading\">Mets\u00e4n taloudellinen arvo muodostuu mets\u00e4n maapohjasta ja puustosta&nbsp;<\/h2>\n\n\n\n<p><br>Mets\u00e4 voi olla maaper\u00e4lt\u00e4\u00e4n kivenn\u00e4is- tai turvemaata. Se voi olla karumpaa, kivist\u00e4&nbsp;tai rehev\u00e4mp\u00e4\u00e4.&nbsp;Mets\u00e4ss\u00e4&nbsp;voi kasvaa hyvin monenlaista ja eri ik\u00e4ist\u00e4 puustoa.&nbsp;My\u00f6s sijainti eri ilmastovy\u00f6hykkeill\u00e4 ja korkeudella merenpinnasta&nbsp;vaikuttavat&nbsp;puustoon ja sen kasvuun, ja sit\u00e4 kautta mets\u00e4n arvoon.&nbsp;Merkitt\u00e4v\u00e4&nbsp;vaikutus on my\u00f6s mets\u00e4n&nbsp;hoitohistorialla ja&nbsp;sill\u00e4,&nbsp;miten&nbsp;ja milloin&nbsp;hoitotoimia on&nbsp;siell\u00e4&nbsp;toteutettu.&nbsp;&nbsp;<\/p>\n\n\n\n<h2 class=\"wp-block-heading\">Mets\u00e4tilan arvon m\u00e4\u00e4ritys k\u00e4yt\u00e4nn\u00f6ss\u00e4&nbsp;<\/h2>\n\n\n\n<p>Mets\u00e4n arvon m\u00e4\u00e4ritt\u00e4minen koostuu monesta osasta. Arviointi ottaa huomioon maaston, taimikot, isomman puuston t\u00e4m\u00e4n hetken hakkuuarvon sek\u00e4 odotusarvon puuston kasvulle. Taimikoiden ja puuston arvoon vaikuttaa, miten mets\u00e4\u00e4 on hoidettu ja kuinka hyvin puusto&nbsp;kasvaa. My\u00f6s puuston ik\u00e4jakauma vaikuttaa&nbsp;mets\u00e4tilan&nbsp;arvoon. N\u00e4iden osatekij\u00f6iden summasta saadaan kokonaisarvo, jota voidaan viel\u00e4 korjata suuntaan tai toiseen. T\u00e4m\u00e4 mets\u00e4n arvon laskenta on nimelt\u00e4\u00e4n summa-arvomenetelm\u00e4.&nbsp;&nbsp;<\/p>\n\n\n\n<p>Korjauskertoimella otetaan huomioon mets\u00e4tilan erityispiirteit\u00e4 sek\u00e4 yleisi\u00e4 hoito- ja hallintamenoja. Arvokkaat luontokohteet voivat nostaa arvoa. Toisaalta hankalan muotoinen ja heikosti saavutettavissa olevan&nbsp;tilan arvo voi laskea verrattuna paremman tien varrella olevaan helposti saavutettavaan tilaan n\u00e4hden. Vaikka mets\u00e4tilat olisivat samankokoiset, mutta toinen sijaitsee l\u00e4hell\u00e4 puuta k\u00e4ytt\u00e4v\u00e4\u00e4 teollisuutta ja puusto on&nbsp;voimakaskasvuista,&nbsp;kun taas&nbsp;toinen&nbsp;tila on&nbsp;huonojen tieyhteyksien p\u00e4\u00e4ss\u00e4,&nbsp;pusikoitunutta&nbsp;ryteikk\u00f6\u00e4 tai kitukasvuista heikkolaatuista puustoa, niin tilojen arvot&nbsp;ovat&nbsp;aivan eri luokkaa.&nbsp;&nbsp;<\/p>\n\n\n\n<p>Mets\u00e4tilan arvo voidaan m\u00e4\u00e4ritt\u00e4\u00e4 my\u00f6s tuottoarvomenetelm\u00e4ll\u00e4. Se poikkeaa summa-arvomenetelm\u00e4st\u00e4 laskentatavaltaan. Mets\u00e4st\u00e4 m\u00e4\u00e4ritet\u00e4\u00e4n samat tekij\u00e4t kuin mets\u00e4n summa-arvomenetelm\u00e4ss\u00e4, mutta arvoa laskettaessa simuloidaan tulevaisuuden hakkuutulot ja mets\u00e4nhoitomenot valitulle ajanjaksolle, mink\u00e4 j\u00e4lkeen&nbsp;diskontataan hakkuutulot&nbsp;nykyp\u00e4iv\u00e4\u00e4n.&nbsp;&nbsp;<\/p>\n\n\n\n<p>Mets\u00e4tilan arvonm\u00e4\u00e4ritys&nbsp;ei ole monimutkaista, mutta&nbsp;vaatii perehtyneisyytt\u00e4 ja syv\u00e4llist\u00e4 ymm\u00e4rryst\u00e4 puuston mittaamisesta sek\u00e4 mets\u00e4nkasvusta.&nbsp;Suosittelemme&nbsp;hy\u00f6dynt\u00e4m\u00e4\u00e4n&nbsp;mets\u00e4n&nbsp;arvon m\u00e4\u00e4rityksess\u00e4 ammattilaista. Etenkin,&nbsp;jos olet ostamassa mets\u00e4tilaa tai tarvitset tarkan arvon esimerkiksi perunkirjoitukseen. Hyv\u00e4ll\u00e4 arviolla&nbsp;voit s\u00e4\u00e4sty\u00e4 ylihintaiselta ostokselta tai veroseuraamuksilta.&nbsp;Verkosta&nbsp;l\u00f6ytyv\u00e4t mets\u00e4n arvolaskurit antavat suuntaa mets\u00e4tilan arvoa m\u00e4\u00e4ritett\u00e4ess\u00e4, mutta ne voivat antaa isojakin ali- tai yliarvioita.&nbsp;&nbsp;<\/p>\n\n\n\n<figure class=\"wp-block-image size-large is-resized\"><img loading=\"lazy\" decoding=\"async\" width=\"768\" height=\"1024\" src=\"https:\/\/aarimetsa.fi\/wp-content\/uploads\/2021\/12\/DSCF0236-1-768x1024.jpg\" alt=\"Mets\u00e4n arvon m\u00e4\u00e4ritt\u00e4minen\" class=\"wp-image-1514\" style=\"width:384px;height:512px\" srcset=\"https:\/\/aari.wpenginepowered.com\/wp-content\/uploads\/2021\/12\/DSCF0236-1-768x1024.jpg 768w, https:\/\/aari.wpenginepowered.com\/wp-content\/uploads\/2021\/12\/DSCF0236-1-225x300.jpg 225w, https:\/\/aari.wpenginepowered.com\/wp-content\/uploads\/2021\/12\/DSCF0236-1-1152x1536.jpg 1152w, https:\/\/aari.wpenginepowered.com\/wp-content\/uploads\/2021\/12\/DSCF0236-1-1536x2048.jpg 1536w, https:\/\/aari.wpenginepowered.com\/wp-content\/uploads\/2021\/12\/DSCF0236-1.jpg 1920w\" sizes=\"auto, (max-width: 768px) 100vw, 768px\" \/><\/figure>\n\n\n\n<h2 class=\"wp-block-heading has-black-color has-text-color\">Taloudellista tuottoa laskettaessa on pohdittava hoitokulut ja teht\u00e4v\u00e4 riskianalyysi&nbsp;<\/h2>\n\n\n\n<p>Tuottoa mets\u00e4st\u00e4 saa muutamien kymmenien vuosien v\u00e4lein. Kun&nbsp;p\u00e4\u00e4tehakkuu on tehty, uudistamisen j\u00e4lkeen seuraavat parikymment\u00e4 vuotta mets\u00e4st\u00e4 on kuluja. Taimikonhoito vaatii aikaa ja ty\u00f6t\u00e4&nbsp;itse tehtyn\u00e4 tai taloudellista panostusta ostopalveluna teetettyn\u00e4. Ensiharvennukseltakin tuotot&nbsp;voivat olla&nbsp;pieni\u00e4. Vasta harvennushakkuilta voi ruveta odottamaan enemm\u00e4n&nbsp;tuottoja. Varsinainen tili tehd\u00e4\u00e4n p\u00e4\u00e4tehakkuulta. Mets\u00e4nomistajan&nbsp;on my\u00f6s pohdittava,&nbsp;halutaanko mets\u00e4\u00e4n tehd\u00e4 p\u00e4\u00e4tehakkuita vai hoidetaanko sit\u00e4&nbsp;peitteellisen\u00e4&nbsp;jatkuvan kasvatuksen toimenpiteill\u00e4&nbsp;ilman avohakkuita.&nbsp;&nbsp;&nbsp;<\/p>\n\n\n\n<p>Mets\u00e4sijoittajan onkin osattava arvioida mets\u00e4n hoitamiseen vuosien varrella&nbsp;uppoavat&nbsp;kulut,&nbsp;sek\u00e4&nbsp;milloin ja mink\u00e4 verran voi tuottoja hakkuista odottaa. N\u00e4iden laskelmien lis\u00e4ksi on mietitt\u00e4v\u00e4, millaista korkoa mets\u00e4sijoitukselleen haluaa. Miten olet rahoittanut mets\u00e4sijoituksesi? Tuottaako mets\u00e4 enemm\u00e4n kuin siihen sijoitetut rahat korkoineen&nbsp;tai saisiko muualta parempaa&nbsp;tuottoa? Mets\u00e4n tuottoprosentti on ollut kilpailukykyinen moniin muihin sijoitusinstrumentteihin verrattuna. Se ei kuitenkaan ole tae, ett\u00e4 niin on tulevaisuudessakin.&nbsp;&nbsp;<\/p>\n\n\n\n<h2 class=\"wp-block-heading\">Mets\u00e4sijoittamisen riski<\/h2>\n\n\n\n<p>Mik\u00e4\u00e4n sijoitus ei ole riskit\u00f6n. Ei my\u00f6sk\u00e4\u00e4n mets\u00e4. Vaikka puuston kasvuennusteet olisivat hyv\u00e4t ja tuotto-odotukset perustellusti korkealla, voi mets\u00e4n arvo romahtaa yll\u00e4tt\u00e4en. Riskit mets\u00e4sijoittamisessa ovat p\u00e4\u00e4asiassa luonnon aiheuttamia mets\u00e4tuhoja. Hy\u00f6nteis- ja sienituhoihin on hankala varautua. Myrsky- tai lumituhoja on vaikea ennustaa, vaikka jonkinlaista riskianalyysi\u00e4&nbsp;mets\u00e4nomistaja&nbsp;voi tehd\u00e4.&nbsp;<\/p>\n\n\n\n<p>Eri puolilla Suomea on erilainen riski tuhoille. Mets\u00e4palo taas voi osua kohdalle miss\u00e4 p\u00e4in vain \u2013 joko salaman sytytt\u00e4m\u00e4n\u00e4 tai ihmisen varomattomuuden aiheuttamana.&nbsp;&nbsp;&nbsp;<\/p>\n\n\n\n<p>Riskien minimoimiseksi mets\u00e4n voi vakuuttaa. Mets\u00e4vakuutus on halpa verrattuna siit\u00e4 saatavaan hy\u00f6tyyn, jos iso tuho osuu kohdalle. Varsinkin&nbsp;p\u00e4\u00e4tehakkuukypsyytt\u00e4 l\u00e4hestyv\u00e4n puuston vakuuttaminen voi antaa mets\u00e4nomistajalle&nbsp;levollisemman mielen, vaikka myrskytuulet tuivertaisivat voimakkaina.&nbsp;&nbsp;<\/p>\n\n\n\n<h2 class=\"wp-block-heading has-black-color has-text-color\">Mets\u00e4n arvo on paljon muutakin kuin euroja&nbsp;<\/h2>\n\n\n\n<p>Mets\u00e4nomistajalla voi olla syv\u00e4 side mets\u00e4\u00e4n, joka on ollut oman suvun omistuksessa vuosikymmeni\u00e4 tai jopa satoja. Silloin mets\u00e4n arvo on aivan eri kuin sen arvo olisi pelk\u00e4st\u00e4\u00e4n euroissa mitattuna. Siin\u00e4 tulee ylisukupolvinen jatkumo ja halu huolehtia mets\u00e4&nbsp;v\u00e4hint\u00e4\u00e4n yht\u00e4 hyv\u00e4ss\u00e4 kunnossa ja arvossa seuraaville omistajille,&nbsp;kuin mit\u00e4 sen on itse saanut.&nbsp;&nbsp;<\/p>\n\n\n\n<p>Monimuotoisia metsi\u00e4, joissa on arvokkaita luontokohteita tai upeita maisemia, voi my\u00f6s olla vaikea arvottaa. Onko mets\u00e4 virkistysk\u00e4yt\u00f6ss\u00e4 arvokkaampi kuin talousmets\u00e4n\u00e4? Luonnossa liikkujat pit\u00e4v\u00e4t kuntoaan ja hyvinvointiaan yll\u00e4 siell\u00e4 liikkuessaan. T\u00e4m\u00e4 v\u00e4hent\u00e4\u00e4 terveydenhuollon kustannuksia ja yll\u00e4pit\u00e4\u00e4 ihmisten ty\u00f6kyky\u00e4. Nostavatko mets\u00e4n muut tuotot, kuten marjat, sienet, riista, muut ker\u00e4ilytuotteet, sen arvoa omistajalleen? Puhdas suomalainen luonto tarjoaa arvokasta lis\u00e4\u00e4 ruokahuoltoon ja omavaraisuuteen sek\u00e4 toimii valttina matkailussa.&nbsp;&nbsp;<\/p>\n\n\n\n<p>Ent\u00e4 sitten suojellut mets\u00e4t, joista l\u00f6ytyy ehk\u00e4 vaarantuneita tai uhanalaisia mets\u00e4tyyppej\u00e4, eli\u00f6lajeja, luontokohteita, kasvupaikkoja kasveille ja el\u00e4imille. Metsien suojelua on vaikea arvottaa, kun yll\u00e4pidet\u00e4\u00e4n luonnon monimuotoisuutta ja tarjotaan elinpiirej\u00e4 vaarassa oleville lajeille. Eih\u00e4n sellaisia voi edes euroissa mitata. Hyvin kasvavat monimuotoiset mets\u00e4t ovat my\u00f6s maapallon keuhkot ja turvaavat hiilinieluina meid\u00e4n kaikkien elinmahdollisuuksia. Metsien merkitys ilmastonmuutoksen hillinn\u00e4ss\u00e4 on korvaamaton.&nbsp;&nbsp;&nbsp;&nbsp;&nbsp;&nbsp;<\/p>\n\n\n\n<h2 class=\"wp-block-heading\">Miten mets\u00e4n arvo m\u00e4\u00e4ritet\u00e4\u00e4n?&nbsp;<\/h2>\n\n\n\n<p>Jos pohdit oman mets\u00e4si arvoa, suosittelemme olemaan yhteydess\u00e4 mets\u00e4alan ammattilaisiin.&nbsp;Mets\u00e4tilan arvonm\u00e4\u00e4ritys aloitetaan&nbsp;aina maastok\u00e4ynnill\u00e4, jossa m\u00e4\u00e4ritet\u00e4\u00e4n&nbsp;mets\u00e4n ja puuston tunnusluvut ja sit\u00e4 kautta lasketaan mets\u00e4n taloudellinen arvo.&nbsp;<\/p>\n\n\n\n<p>Mik\u00e4li et ole luopumassa mets\u00e4tilastasi,&nbsp;ammattilaiset osaavat ottaa huomioon tavoitteesi&nbsp;ja&nbsp;arvosi&nbsp;sek\u00e4&nbsp;suositella&nbsp;niiden perusteella&nbsp;sopivaa mets\u00e4nomistuksen muotoa&nbsp;tai p\u00e4ivitt\u00e4\u00e4 mets\u00e4suunnitelmasi vastaamaan tarpeitasi.&nbsp;&nbsp;<\/p>\n\n\n\n<p>Oletko miettinyt mit\u00e4 tekisit metsill\u00e4si? Mik\u00e4 on metsiesi tulevaisuus? Mik\u00e4li olet miettinyt mets\u00e4tilasi myynti\u00e4, saat kauttamme mets\u00e4st\u00e4si aina reilun markkinahinnan,&nbsp;ja kaupat hoituvat sujuvasti&nbsp;sek\u00e4&nbsp;helposti. <a href=\"https:\/\/aarimetsa.fi\/en\/contact-us\/\">Pyyd\u00e4 tarjous mets\u00e4tilastasi<\/a>. Mets\u00e4n myynti\u00e4 pohtivalle my\u00f6s AARI Yhteismets\u00e4 voi olla hyv\u00e4 ratkaisu. Yhteismets\u00e4st\u00e4 l\u00f6yd\u00e4t lis\u00e4\u00e4 <a href=\"https:\/\/aarimetsa.fi\/en\/common-forest\/\">tietoa t\u00e4st\u00e4<\/a>.&nbsp;&nbsp;<\/p>\n\n\n\n<p><em>Teksti on\u00a0p\u00e4ivitetty ja tarkastettu\u00a04.2.2026. Alkuper\u00e4inen teksti on julkaistu\u00a028.12.2021.\u00a0<\/em><\/p>\n\n\n\n<p><\/p>","protected":false},"excerpt":{"rendered":"<p>Moni miettii, mik\u00e4 on mets\u00e4n arvo per hehtaari. Tai kuinka paljon on mets\u00e4n tuotto hehtaarilta.<\/p>","protected":false},"author":11,"featured_media":1983,"comment_status":"closed","ping_status":"closed","sticky":false,"template":"","format":"standard","meta":{"_acf_changed":false,"_eb_attr":"","inline_featured_image":false,"footnotes":""},"categories":[1],"tags":[],"class_list":["post-1511","post","type-post","status-publish","format-standard","has-post-thumbnail","hentry","category-yleinen"],"acf":[],"yoast_head":"<!-- This site is optimized with the Yoast SEO plugin v27.4 - https:\/\/yoast.com\/product\/yoast-seo-wordpress\/ -->\n<title>Miten mets\u00e4n arvo m\u00e4\u00e4ritet\u00e4\u00e4n? Vai voidaanko sit\u00e4 m\u00e4\u00e4ritell\u00e4?\u00a0 - AARI Mets\u00e4<\/title>\n<meta name=\"robots\" content=\"index, follow, max-snippet:-1, max-image-preview:large, max-video-preview:-1\" \/>\n<link rel=\"canonical\" href=\"https:\/\/aarimetsa.fi\/en\/articles\/miten-metsan-arvo-maaritetaan-vai-voidaanko-sita-maaritella\/\" \/>\n<meta property=\"og:locale\" content=\"en_US\" \/>\n<meta property=\"og:type\" content=\"article\" \/>\n<meta property=\"og:title\" content=\"Miten mets\u00e4n arvo m\u00e4\u00e4ritet\u00e4\u00e4n? Vai voidaanko sit\u00e4 m\u00e4\u00e4ritell\u00e4?\u00a0 - AARI Mets\u00e4\" \/>\n<meta property=\"og:description\" content=\"Moni miettii, mik\u00e4 on mets\u00e4n arvo per hehtaari. Tai kuinka paljon on mets\u00e4n tuotto hehtaarilta.\" \/>\n<meta property=\"og:url\" content=\"https:\/\/aarimetsa.fi\/en\/articles\/miten-metsan-arvo-maaritetaan-vai-voidaanko-sita-maaritella\/\" \/>\n<meta property=\"og:site_name\" content=\"AARI Mets\u00e4\" \/>\n<meta property=\"article:published_time\" content=\"2026-02-04T09:12:26+00:00\" \/>\n<meta property=\"article:modified_time\" content=\"2026-02-04T09:12:27+00:00\" \/>\n<meta property=\"og:image\" content=\"https:\/\/aarimetsa.fi\/wp-content\/uploads\/2021\/12\/AARI-kesakuvat-2819-scaled.jpg\" \/>\n\t<meta property=\"og:image:width\" content=\"2560\" \/>\n\t<meta property=\"og:image:height\" content=\"1920\" \/>\n\t<meta property=\"og:image:type\" content=\"image\/jpeg\" \/>\n<meta name=\"author\" content=\"Jenny Alho\" \/>\n<meta name=\"twitter:card\" content=\"summary_large_image\" \/>\n<meta name=\"twitter:label1\" content=\"Written by\" \/>\n\t<meta name=\"twitter:data1\" content=\"Jenny Alho\" \/>\n\t<meta name=\"twitter:label2\" content=\"Est. reading time\" \/>\n\t<meta name=\"twitter:data2\" content=\"6 minutes\" \/>\n<script type=\"application\/ld+json\" class=\"yoast-schema-graph\">{\"@context\":\"https:\\\/\\\/schema.org\",\"@graph\":[{\"@type\":\"Article\",\"@id\":\"https:\\\/\\\/aarimetsa.fi\\\/artikkelit\\\/miten-metsan-arvo-maaritetaan-vai-voidaanko-sita-maaritella\\\/#article\",\"isPartOf\":{\"@id\":\"https:\\\/\\\/aarimetsa.fi\\\/artikkelit\\\/miten-metsan-arvo-maaritetaan-vai-voidaanko-sita-maaritella\\\/\"},\"author\":{\"name\":\"Jenny Alho\",\"@id\":\"https:\\\/\\\/aarimetsa.fi\\\/#\\\/schema\\\/person\\\/afcc28ae15a085626c8235b88a665236\"},\"headline\":\"Miten mets\u00e4n arvo m\u00e4\u00e4ritet\u00e4\u00e4n? Vai voidaanko sit\u00e4 m\u00e4\u00e4ritell\u00e4?\u00a0\",\"datePublished\":\"2026-02-04T09:12:26+00:00\",\"dateModified\":\"2026-02-04T09:12:27+00:00\",\"mainEntityOfPage\":{\"@id\":\"https:\\\/\\\/aarimetsa.fi\\\/artikkelit\\\/miten-metsan-arvo-maaritetaan-vai-voidaanko-sita-maaritella\\\/\"},\"wordCount\":1222,\"publisher\":{\"@id\":\"https:\\\/\\\/aarimetsa.fi\\\/#organization\"},\"image\":{\"@id\":\"https:\\\/\\\/aarimetsa.fi\\\/artikkelit\\\/miten-metsan-arvo-maaritetaan-vai-voidaanko-sita-maaritella\\\/#primaryimage\"},\"thumbnailUrl\":\"https:\\\/\\\/aarimetsa.fi\\\/wp-content\\\/uploads\\\/2021\\\/12\\\/AARI-kesakuvat-2819-scaled.jpg\",\"articleSection\":[\"Yleinen\"],\"inLanguage\":\"en-US\"},{\"@type\":\"WebPage\",\"@id\":\"https:\\\/\\\/aarimetsa.fi\\\/artikkelit\\\/miten-metsan-arvo-maaritetaan-vai-voidaanko-sita-maaritella\\\/\",\"url\":\"https:\\\/\\\/aarimetsa.fi\\\/artikkelit\\\/miten-metsan-arvo-maaritetaan-vai-voidaanko-sita-maaritella\\\/\",\"name\":\"Miten mets\u00e4n arvo m\u00e4\u00e4ritet\u00e4\u00e4n? Vai voidaanko sit\u00e4 m\u00e4\u00e4ritell\u00e4?\u00a0 - AARI Mets\u00e4\",\"isPartOf\":{\"@id\":\"https:\\\/\\\/aarimetsa.fi\\\/#website\"},\"primaryImageOfPage\":{\"@id\":\"https:\\\/\\\/aarimetsa.fi\\\/artikkelit\\\/miten-metsan-arvo-maaritetaan-vai-voidaanko-sita-maaritella\\\/#primaryimage\"},\"image\":{\"@id\":\"https:\\\/\\\/aarimetsa.fi\\\/artikkelit\\\/miten-metsan-arvo-maaritetaan-vai-voidaanko-sita-maaritella\\\/#primaryimage\"},\"thumbnailUrl\":\"https:\\\/\\\/aarimetsa.fi\\\/wp-content\\\/uploads\\\/2021\\\/12\\\/AARI-kesakuvat-2819-scaled.jpg\",\"datePublished\":\"2026-02-04T09:12:26+00:00\",\"dateModified\":\"2026-02-04T09:12:27+00:00\",\"breadcrumb\":{\"@id\":\"https:\\\/\\\/aarimetsa.fi\\\/artikkelit\\\/miten-metsan-arvo-maaritetaan-vai-voidaanko-sita-maaritella\\\/#breadcrumb\"},\"inLanguage\":\"en-US\",\"potentialAction\":[{\"@type\":\"ReadAction\",\"target\":[\"https:\\\/\\\/aarimetsa.fi\\\/artikkelit\\\/miten-metsan-arvo-maaritetaan-vai-voidaanko-sita-maaritella\\\/\"]}]},{\"@type\":\"ImageObject\",\"inLanguage\":\"en-US\",\"@id\":\"https:\\\/\\\/aarimetsa.fi\\\/artikkelit\\\/miten-metsan-arvo-maaritetaan-vai-voidaanko-sita-maaritella\\\/#primaryimage\",\"url\":\"https:\\\/\\\/aarimetsa.fi\\\/wp-content\\\/uploads\\\/2021\\\/12\\\/AARI-kesakuvat-2819-scaled.jpg\",\"contentUrl\":\"https:\\\/\\\/aarimetsa.fi\\\/wp-content\\\/uploads\\\/2021\\\/12\\\/AARI-kesakuvat-2819-scaled.jpg\",\"width\":2560,\"height\":1920},{\"@type\":\"BreadcrumbList\",\"@id\":\"https:\\\/\\\/aarimetsa.fi\\\/artikkelit\\\/miten-metsan-arvo-maaritetaan-vai-voidaanko-sita-maaritella\\\/#breadcrumb\",\"itemListElement\":[{\"@type\":\"ListItem\",\"position\":1,\"name\":\"Etusivu\",\"item\":\"https:\\\/\\\/aarimetsa.fi\\\/\"},{\"@type\":\"ListItem\",\"position\":2,\"name\":\"Miten mets\u00e4n arvo m\u00e4\u00e4ritet\u00e4\u00e4n? Vai voidaanko sit\u00e4 m\u00e4\u00e4ritell\u00e4?\u00a0\"}]},{\"@type\":\"WebSite\",\"@id\":\"https:\\\/\\\/aarimetsa.fi\\\/#website\",\"url\":\"https:\\\/\\\/aarimetsa.fi\\\/\",\"name\":\"AARI Mets\u00e4\",\"description\":\"Mets\u00e4si tulevaisuus\",\"publisher\":{\"@id\":\"https:\\\/\\\/aarimetsa.fi\\\/#organization\"},\"potentialAction\":[{\"@type\":\"SearchAction\",\"target\":{\"@type\":\"EntryPoint\",\"urlTemplate\":\"https:\\\/\\\/aarimetsa.fi\\\/?s={search_term_string}\"},\"query-input\":{\"@type\":\"PropertyValueSpecification\",\"valueRequired\":true,\"valueName\":\"search_term_string\"}}],\"inLanguage\":\"en-US\"},{\"@type\":\"Organization\",\"@id\":\"https:\\\/\\\/aarimetsa.fi\\\/#organization\",\"name\":\"AARI Mets\u00e4\",\"url\":\"https:\\\/\\\/aarimetsa.fi\\\/\",\"logo\":{\"@type\":\"ImageObject\",\"inLanguage\":\"en-US\",\"@id\":\"https:\\\/\\\/aarimetsa.fi\\\/#\\\/schema\\\/logo\\\/image\\\/\",\"url\":\"https:\\\/\\\/aarimetsa.fi\\\/wp-content\\\/uploads\\\/2021\\\/04\\\/aari-logo-for-seo.png\",\"contentUrl\":\"https:\\\/\\\/aarimetsa.fi\\\/wp-content\\\/uploads\\\/2021\\\/04\\\/aari-logo-for-seo.png\",\"width\":512,\"height\":512,\"caption\":\"AARI Mets\u00e4\"},\"image\":{\"@id\":\"https:\\\/\\\/aarimetsa.fi\\\/#\\\/schema\\\/logo\\\/image\\\/\"}},{\"@type\":\"Person\",\"@id\":\"https:\\\/\\\/aarimetsa.fi\\\/#\\\/schema\\\/person\\\/afcc28ae15a085626c8235b88a665236\",\"name\":\"Jenny Alho\",\"image\":{\"@type\":\"ImageObject\",\"inLanguage\":\"en-US\",\"@id\":\"https:\\\/\\\/secure.gravatar.com\\\/avatar\\\/5e1ad04b27074f507c4a9028ecd4c5a9de9418fb381bdf2f22ce80dee3c2ba29?s=96&d=mm&r=g\",\"url\":\"https:\\\/\\\/secure.gravatar.com\\\/avatar\\\/5e1ad04b27074f507c4a9028ecd4c5a9de9418fb381bdf2f22ce80dee3c2ba29?s=96&d=mm&r=g\",\"contentUrl\":\"https:\\\/\\\/secure.gravatar.com\\\/avatar\\\/5e1ad04b27074f507c4a9028ecd4c5a9de9418fb381bdf2f22ce80dee3c2ba29?s=96&d=mm&r=g\",\"caption\":\"Jenny Alho\"},\"url\":\"https:\\\/\\\/aarimetsa.fi\\\/en\\\/artikkelit\\\/author\\\/jenny\\\/\"}]}<\/script>\n<!-- \/ Yoast SEO plugin. -->","yoast_head_json":{"title":"Miten mets\u00e4n arvo m\u00e4\u00e4ritet\u00e4\u00e4n? Vai voidaanko sit\u00e4 m\u00e4\u00e4ritell\u00e4?\u00a0 - AARI Mets\u00e4","robots":{"index":"index","follow":"follow","max-snippet":"max-snippet:-1","max-image-preview":"max-image-preview:large","max-video-preview":"max-video-preview:-1"},"canonical":"https:\/\/aarimetsa.fi\/en\/articles\/miten-metsan-arvo-maaritetaan-vai-voidaanko-sita-maaritella\/","og_locale":"en_US","og_type":"article","og_title":"Miten mets\u00e4n arvo m\u00e4\u00e4ritet\u00e4\u00e4n? Vai voidaanko sit\u00e4 m\u00e4\u00e4ritell\u00e4?\u00a0 - AARI Mets\u00e4","og_description":"Moni miettii, mik\u00e4 on mets\u00e4n arvo per hehtaari. Tai kuinka paljon on mets\u00e4n tuotto hehtaarilta.","og_url":"https:\/\/aarimetsa.fi\/en\/articles\/miten-metsan-arvo-maaritetaan-vai-voidaanko-sita-maaritella\/","og_site_name":"AARI Mets\u00e4","article_published_time":"2026-02-04T09:12:26+00:00","article_modified_time":"2026-02-04T09:12:27+00:00","og_image":[{"width":2560,"height":1920,"url":"https:\/\/aarimetsa.fi\/wp-content\/uploads\/2021\/12\/AARI-kesakuvat-2819-scaled.jpg","type":"image\/jpeg"}],"author":"Jenny Alho","twitter_card":"summary_large_image","twitter_misc":{"Written by":"Jenny Alho","Est. reading time":"6 minutes"},"schema":{"@context":"https:\/\/schema.org","@graph":[{"@type":"Article","@id":"https:\/\/aarimetsa.fi\/artikkelit\/miten-metsan-arvo-maaritetaan-vai-voidaanko-sita-maaritella\/#article","isPartOf":{"@id":"https:\/\/aarimetsa.fi\/artikkelit\/miten-metsan-arvo-maaritetaan-vai-voidaanko-sita-maaritella\/"},"author":{"name":"Jenny Alho","@id":"https:\/\/aarimetsa.fi\/#\/schema\/person\/afcc28ae15a085626c8235b88a665236"},"headline":"Miten mets\u00e4n arvo m\u00e4\u00e4ritet\u00e4\u00e4n? Vai voidaanko sit\u00e4 m\u00e4\u00e4ritell\u00e4?\u00a0","datePublished":"2026-02-04T09:12:26+00:00","dateModified":"2026-02-04T09:12:27+00:00","mainEntityOfPage":{"@id":"https:\/\/aarimetsa.fi\/artikkelit\/miten-metsan-arvo-maaritetaan-vai-voidaanko-sita-maaritella\/"},"wordCount":1222,"publisher":{"@id":"https:\/\/aarimetsa.fi\/#organization"},"image":{"@id":"https:\/\/aarimetsa.fi\/artikkelit\/miten-metsan-arvo-maaritetaan-vai-voidaanko-sita-maaritella\/#primaryimage"},"thumbnailUrl":"https:\/\/aarimetsa.fi\/wp-content\/uploads\/2021\/12\/AARI-kesakuvat-2819-scaled.jpg","articleSection":["Yleinen"],"inLanguage":"en-US"},{"@type":"WebPage","@id":"https:\/\/aarimetsa.fi\/artikkelit\/miten-metsan-arvo-maaritetaan-vai-voidaanko-sita-maaritella\/","url":"https:\/\/aarimetsa.fi\/artikkelit\/miten-metsan-arvo-maaritetaan-vai-voidaanko-sita-maaritella\/","name":"Miten mets\u00e4n arvo m\u00e4\u00e4ritet\u00e4\u00e4n? Vai voidaanko sit\u00e4 m\u00e4\u00e4ritell\u00e4?\u00a0 - AARI Mets\u00e4","isPartOf":{"@id":"https:\/\/aarimetsa.fi\/#website"},"primaryImageOfPage":{"@id":"https:\/\/aarimetsa.fi\/artikkelit\/miten-metsan-arvo-maaritetaan-vai-voidaanko-sita-maaritella\/#primaryimage"},"image":{"@id":"https:\/\/aarimetsa.fi\/artikkelit\/miten-metsan-arvo-maaritetaan-vai-voidaanko-sita-maaritella\/#primaryimage"},"thumbnailUrl":"https:\/\/aarimetsa.fi\/wp-content\/uploads\/2021\/12\/AARI-kesakuvat-2819-scaled.jpg","datePublished":"2026-02-04T09:12:26+00:00","dateModified":"2026-02-04T09:12:27+00:00","breadcrumb":{"@id":"https:\/\/aarimetsa.fi\/artikkelit\/miten-metsan-arvo-maaritetaan-vai-voidaanko-sita-maaritella\/#breadcrumb"},"inLanguage":"en-US","potentialAction":[{"@type":"ReadAction","target":["https:\/\/aarimetsa.fi\/artikkelit\/miten-metsan-arvo-maaritetaan-vai-voidaanko-sita-maaritella\/"]}]},{"@type":"ImageObject","inLanguage":"en-US","@id":"https:\/\/aarimetsa.fi\/artikkelit\/miten-metsan-arvo-maaritetaan-vai-voidaanko-sita-maaritella\/#primaryimage","url":"https:\/\/aarimetsa.fi\/wp-content\/uploads\/2021\/12\/AARI-kesakuvat-2819-scaled.jpg","contentUrl":"https:\/\/aarimetsa.fi\/wp-content\/uploads\/2021\/12\/AARI-kesakuvat-2819-scaled.jpg","width":2560,"height":1920},{"@type":"BreadcrumbList","@id":"https:\/\/aarimetsa.fi\/artikkelit\/miten-metsan-arvo-maaritetaan-vai-voidaanko-sita-maaritella\/#breadcrumb","itemListElement":[{"@type":"ListItem","position":1,"name":"Etusivu","item":"https:\/\/aarimetsa.fi\/"},{"@type":"ListItem","position":2,"name":"Miten mets\u00e4n arvo m\u00e4\u00e4ritet\u00e4\u00e4n? Vai voidaanko sit\u00e4 m\u00e4\u00e4ritell\u00e4?\u00a0"}]},{"@type":"WebSite","@id":"https:\/\/aarimetsa.fi\/#website","url":"https:\/\/aarimetsa.fi\/","name":"AARI Mets\u00e4","description":"The future potential of your forest","publisher":{"@id":"https:\/\/aarimetsa.fi\/#organization"},"potentialAction":[{"@type":"SearchAction","target":{"@type":"EntryPoint","urlTemplate":"https:\/\/aarimetsa.fi\/?s={search_term_string}"},"query-input":{"@type":"PropertyValueSpecification","valueRequired":true,"valueName":"search_term_string"}}],"inLanguage":"en-US"},{"@type":"Organization","@id":"https:\/\/aarimetsa.fi\/#organization","name":"AARI Mets\u00e4","url":"https:\/\/aarimetsa.fi\/","logo":{"@type":"ImageObject","inLanguage":"en-US","@id":"https:\/\/aarimetsa.fi\/#\/schema\/logo\/image\/","url":"https:\/\/aarimetsa.fi\/wp-content\/uploads\/2021\/04\/aari-logo-for-seo.png","contentUrl":"https:\/\/aarimetsa.fi\/wp-content\/uploads\/2021\/04\/aari-logo-for-seo.png","width":512,"height":512,"caption":"AARI Mets\u00e4"},"image":{"@id":"https:\/\/aarimetsa.fi\/#\/schema\/logo\/image\/"}},{"@type":"Person","@id":"https:\/\/aarimetsa.fi\/#\/schema\/person\/afcc28ae15a085626c8235b88a665236","name":"Jenny Alho","image":{"@type":"ImageObject","inLanguage":"en-US","@id":"https:\/\/secure.gravatar.com\/avatar\/5e1ad04b27074f507c4a9028ecd4c5a9de9418fb381bdf2f22ce80dee3c2ba29?s=96&d=mm&r=g","url":"https:\/\/secure.gravatar.com\/avatar\/5e1ad04b27074f507c4a9028ecd4c5a9de9418fb381bdf2f22ce80dee3c2ba29?s=96&d=mm&r=g","contentUrl":"https:\/\/secure.gravatar.com\/avatar\/5e1ad04b27074f507c4a9028ecd4c5a9de9418fb381bdf2f22ce80dee3c2ba29?s=96&d=mm&r=g","caption":"Jenny Alho"},"url":"https:\/\/aarimetsa.fi\/en\/artikkelit\/author\/jenny\/"}]}},"_links":{"self":[{"href":"https:\/\/aarimetsa.fi\/en\/wp-json\/wp\/v2\/posts\/1511","targetHints":{"allow":["GET"]}}],"collection":[{"href":"https:\/\/aarimetsa.fi\/en\/wp-json\/wp\/v2\/posts"}],"about":[{"href":"https:\/\/aarimetsa.fi\/en\/wp-json\/wp\/v2\/types\/post"}],"author":[{"embeddable":true,"href":"https:\/\/aarimetsa.fi\/en\/wp-json\/wp\/v2\/users\/11"}],"replies":[{"embeddable":true,"href":"https:\/\/aarimetsa.fi\/en\/wp-json\/wp\/v2\/comments?post=1511"}],"version-history":[{"count":0,"href":"https:\/\/aarimetsa.fi\/en\/wp-json\/wp\/v2\/posts\/1511\/revisions"}],"wp:featuredmedia":[{"embeddable":true,"href":"https:\/\/aarimetsa.fi\/en\/wp-json\/wp\/v2\/media\/1983"}],"wp:attachment":[{"href":"https:\/\/aarimetsa.fi\/en\/wp-json\/wp\/v2\/media?parent=1511"}],"wp:term":[{"taxonomy":"category","embeddable":true,"href":"https:\/\/aarimetsa.fi\/en\/wp-json\/wp\/v2\/categories?post=1511"},{"taxonomy":"post_tag","embeddable":true,"href":"https:\/\/aarimetsa.fi\/en\/wp-json\/wp\/v2\/tags?post=1511"}],"curies":[{"name":"wp","href":"https:\/\/api.w.org\/{rel}","templated":true}]}}