{"id":3425,"date":"2023-03-09T14:46:06","date_gmt":"2023-03-09T12:46:06","guid":{"rendered":"https:\/\/aarimetsa.fi\/?p=3425"},"modified":"2023-05-17T13:50:39","modified_gmt":"2023-05-17T10:50:39","slug":"nelja-sisarusta-peri-metsatilan-sonkajarvelta","status":"publish","type":"post","link":"https:\/\/aarimetsa.fi\/en\/articles\/nelja-sisarusta-peri-metsatilan-sonkajarvelta\/","title":{"rendered":"Nelj\u00e4 sisarusta peri mets\u00e4tilan Sonkaj\u00e4rvelt\u00e4"},"content":{"rendered":"<p>Nelj\u00e4 sisarusta peri Sonkaj\u00e4rvelt\u00e4 50 hehtaarin mets\u00e4tilan vanhemmiltaan. He tiedostivat, ett\u00e4 vastuullinen mets\u00e4nomistaminen vaatii aktiivisuutta, mutta se olisi tuottanut haasteita koska kaikki asuivat 500 kilometrin p\u00e4\u00e4ss\u00e4 mets\u00e4tilasta.<\/p>\n\n\n\n<p><br>He teettiv\u00e4t 2016 &#8211; 2017 mets\u00e4nhoitot\u00f6it\u00e4, mutta mets\u00e4nhoitoyhdistyksen kautta tehdyt hoitoty\u00f6t kustannukset s\u00f6iv\u00e4t kaikki tuotot. Se vaikutti intoon alkaa jatkaa mets\u00e4tilan aktiivista hoitoa itse.<\/p>\n\n\n\n<p><br>Sisarukset pohtivat mets\u00e4n myymist\u00e4 ja tarjouksia pyydettiin muutamista paikoista. Yst\u00e4v\u00e4n vinkist\u00e4 he perehtyiv\u00e4t my\u00f6s yhteismets\u00e4\u00e4n, joka ajatuksena vieh\u00e4tti heit\u00e4. Se takasi sen ett\u00e4 suvun metsist\u00e4 ei tarvitsisi kokonaan luopua, vaan mets\u00e4nomistajuus s\u00e4ilyy, mutta vastuu mets\u00e4nhoidosta siirtyi yhteismets\u00e4lle.Yhteismets\u00e4\u00e4n liitytt\u00e4ess\u00e4 yhteismets\u00e4osuudet jaettiin sisarusten kesken ja nyt kaikki voivat itse p\u00e4\u00e4tt\u00e4\u00e4 osuuksien myynnist\u00e4. Jos mets\u00e4tila olisi lohkottu sisarusten kesken olisi mets\u00e4tiloista tullut hallinnoinnin kannalta pieni\u00e4 ja hankalasti hoidettavia. Lohkominen itsess\u00e4\u00e4n on kallis toimenpide ja johtaa mets\u00e4nhoidon kannalta ep\u00e4optimaaliseen pirstoutumiseen.<\/p>\n\n\n\n<p><br>\u201cAari yhteismets\u00e4 oli ensimm\u00e4inen paikka, josta saatiin lukuja ja faktaa yhteismets\u00e4st\u00e4.\u201d Ammattitaito vahvisti tunnetta siit\u00e4, ett\u00e4 mets\u00e4n AARI Yhteismets\u00e4 osuuksien j\u00e4lkimarkkinat ovat hyv\u00e4t ja ett\u00e4 sit\u00e4 voi jatkossa k\u00e4ytt\u00e4\u00e4 vaikkapa lainan vakuutena.<\/p>\n\n\n\n<p><br>Yhteismets\u00e4 takaa jatkuvaa tuottoa ja sen, ett\u00e4 vanhempien perint\u00f6 on edelleen voimissaan ja suvun omistuksessa. Heti ensimm\u00e4isest\u00e4 keskustelusta l\u00e4htien AARIn ammattilaiset vakuuttivat tiedolla ja luvuilla. On hyvin my\u00f6nteinen asia, ett\u00e4 mets\u00e4alan ammattilaiset hoitavat mets\u00e4\u00e4 ja suunnittelevat, ett\u00e4 miten siit\u00e4 saadaan paras tuotto monimuotoisuutta unohtamatta tai kest\u00e4v\u00e4ll\u00e4 mets\u00e4nhoidolla paras tuotto.<\/p>\n\n\n\n<p><br>Reaaliajassa p\u00e4ivittyv\u00e4 dashboardilta AARI Yhteismets\u00e4 -palvelusta saa seurattua sijoitusta ja siten miten oma mets\u00e4 tuottaa.<\/p>\n\n\n\n<p><br>\u201cOlemme kaikki sisarukset olleet hyvin tyytyv\u00e4isi\u00e4 t\u00e4h\u00e4n.\u201d<\/p>\n\n\n\n<figure class=\"wp-block-image size-full\"><img loading=\"lazy\" decoding=\"async\" width=\"768\" height=\"1024\" src=\"https:\/\/aarimetsa.fi\/wp-content\/uploads\/2023\/03\/PHOTO-2023-03-07-07-45-54.jpg\" alt=\"\" class=\"wp-image-3426\" srcset=\"https:\/\/aari.wpenginepowered.com\/wp-content\/uploads\/2023\/03\/PHOTO-2023-03-07-07-45-54.jpg 768w, https:\/\/aari.wpenginepowered.com\/wp-content\/uploads\/2023\/03\/PHOTO-2023-03-07-07-45-54-225x300.jpg 225w, https:\/\/aari.wpenginepowered.com\/wp-content\/uploads\/2023\/03\/PHOTO-2023-03-07-07-45-54-9x12.jpg 9w\" sizes=\"auto, (max-width: 768px) 100vw, 768px\" \/><\/figure>","protected":false},"excerpt":{"rendered":"<p>Nelj\u00e4 sisarusta peri Sonkaj\u00e4rvelt\u00e4 50 hehtaarin mets\u00e4tilan vanhemmiltaan. He tiedostivat, ett\u00e4 vastuullinen mets\u00e4nomistaminen vaatii aktiivisuutta, mutta se olisi tuottanut haasteita [&hellip;]<\/p>\n","protected":false},"author":15,"featured_media":1514,"comment_status":"closed","ping_status":"closed","sticky":false,"template":"","format":"standard","meta":{"_acf_changed":false,"_eb_attr":"","inline_featured_image":false,"footnotes":""},"categories":[90],"tags":[],"class_list":["post-3425","post","type-post","status-publish","format-standard","has-post-thumbnail","hentry","category-kokemuksia"],"acf":[],"yoast_head":"<!-- This site is optimized with the Yoast SEO plugin v27.4 - https:\/\/yoast.com\/product\/yoast-seo-wordpress\/ -->\n<title>Nelj\u00e4 sisarusta peri mets\u00e4tilan Sonkaj\u00e4rvelt\u00e4 - AARI Mets\u00e4<\/title>\n<meta name=\"robots\" content=\"index, follow, max-snippet:-1, max-image-preview:large, max-video-preview:-1\" \/>\n<link rel=\"canonical\" href=\"https:\/\/aarimetsa.fi\/en\/articles\/nelja-sisarusta-peri-metsatilan-sonkajarvelta\/\" \/>\n<meta property=\"og:locale\" content=\"en_US\" \/>\n<meta property=\"og:type\" content=\"article\" \/>\n<meta property=\"og:title\" content=\"Nelj\u00e4 sisarusta peri mets\u00e4tilan Sonkaj\u00e4rvelt\u00e4 - AARI Mets\u00e4\" \/>\n<meta property=\"og:description\" content=\"Nelj\u00e4 sisarusta peri Sonkaj\u00e4rvelt\u00e4 50 hehtaarin mets\u00e4tilan vanhemmiltaan. He tiedostivat, ett\u00e4 vastuullinen mets\u00e4nomistaminen vaatii aktiivisuutta, mutta se olisi tuottanut haasteita [&hellip;]\" \/>\n<meta property=\"og:url\" content=\"https:\/\/aarimetsa.fi\/en\/articles\/nelja-sisarusta-peri-metsatilan-sonkajarvelta\/\" \/>\n<meta property=\"og:site_name\" content=\"AARI Mets\u00e4\" \/>\n<meta property=\"article:published_time\" content=\"2023-03-09T12:46:06+00:00\" \/>\n<meta property=\"article:modified_time\" content=\"2023-05-17T10:50:39+00:00\" \/>\n<meta property=\"og:image\" content=\"https:\/\/aarimetsa.fi\/wp-content\/uploads\/2021\/12\/DSCF0236-1-768x1024.jpg\" \/>\n\t<meta property=\"og:image:width\" content=\"768\" \/>\n\t<meta property=\"og:image:height\" content=\"1024\" \/>\n\t<meta property=\"og:image:type\" content=\"image\/jpeg\" \/>\n<meta name=\"author\" content=\"Sari\" \/>\n<meta name=\"twitter:card\" content=\"summary_large_image\" \/>\n<meta name=\"twitter:label1\" content=\"Written by\" \/>\n\t<meta name=\"twitter:data1\" content=\"Sari\" \/>\n<script type=\"application\/ld+json\" class=\"yoast-schema-graph\">{\"@context\":\"https:\\\/\\\/schema.org\",\"@graph\":[{\"@type\":\"Article\",\"@id\":\"https:\\\/\\\/aarimetsa.fi\\\/artikkelit\\\/nelja-sisarusta-peri-metsatilan-sonkajarvelta\\\/#article\",\"isPartOf\":{\"@id\":\"https:\\\/\\\/aarimetsa.fi\\\/artikkelit\\\/nelja-sisarusta-peri-metsatilan-sonkajarvelta\\\/\"},\"author\":{\"name\":\"Sari\",\"@id\":\"https:\\\/\\\/aarimetsa.fi\\\/#\\\/schema\\\/person\\\/de31b8cbaa61f8ad0a0e89a64b46bcd0\"},\"headline\":\"Nelj\u00e4 sisarusta peri mets\u00e4tilan Sonkaj\u00e4rvelt\u00e4\",\"datePublished\":\"2023-03-09T12:46:06+00:00\",\"dateModified\":\"2023-05-17T10:50:39+00:00\",\"mainEntityOfPage\":{\"@id\":\"https:\\\/\\\/aarimetsa.fi\\\/artikkelit\\\/nelja-sisarusta-peri-metsatilan-sonkajarvelta\\\/\"},\"wordCount\":284,\"publisher\":{\"@id\":\"https:\\\/\\\/aarimetsa.fi\\\/#organization\"},\"image\":{\"@id\":\"https:\\\/\\\/aarimetsa.fi\\\/artikkelit\\\/nelja-sisarusta-peri-metsatilan-sonkajarvelta\\\/#primaryimage\"},\"thumbnailUrl\":\"https:\\\/\\\/aarimetsa.fi\\\/wp-content\\\/uploads\\\/2021\\\/12\\\/DSCF0236-1.jpg\",\"articleSection\":[\"Kokemuksia\"],\"inLanguage\":\"en-US\"},{\"@type\":\"WebPage\",\"@id\":\"https:\\\/\\\/aarimetsa.fi\\\/artikkelit\\\/nelja-sisarusta-peri-metsatilan-sonkajarvelta\\\/\",\"url\":\"https:\\\/\\\/aarimetsa.fi\\\/artikkelit\\\/nelja-sisarusta-peri-metsatilan-sonkajarvelta\\\/\",\"name\":\"Nelj\u00e4 sisarusta peri mets\u00e4tilan Sonkaj\u00e4rvelt\u00e4 - AARI Mets\u00e4\",\"isPartOf\":{\"@id\":\"https:\\\/\\\/aarimetsa.fi\\\/#website\"},\"primaryImageOfPage\":{\"@id\":\"https:\\\/\\\/aarimetsa.fi\\\/artikkelit\\\/nelja-sisarusta-peri-metsatilan-sonkajarvelta\\\/#primaryimage\"},\"image\":{\"@id\":\"https:\\\/\\\/aarimetsa.fi\\\/artikkelit\\\/nelja-sisarusta-peri-metsatilan-sonkajarvelta\\\/#primaryimage\"},\"thumbnailUrl\":\"https:\\\/\\\/aarimetsa.fi\\\/wp-content\\\/uploads\\\/2021\\\/12\\\/DSCF0236-1.jpg\",\"datePublished\":\"2023-03-09T12:46:06+00:00\",\"dateModified\":\"2023-05-17T10:50:39+00:00\",\"breadcrumb\":{\"@id\":\"https:\\\/\\\/aarimetsa.fi\\\/artikkelit\\\/nelja-sisarusta-peri-metsatilan-sonkajarvelta\\\/#breadcrumb\"},\"inLanguage\":\"en-US\",\"potentialAction\":[{\"@type\":\"ReadAction\",\"target\":[\"https:\\\/\\\/aarimetsa.fi\\\/artikkelit\\\/nelja-sisarusta-peri-metsatilan-sonkajarvelta\\\/\"]}]},{\"@type\":\"ImageObject\",\"inLanguage\":\"en-US\",\"@id\":\"https:\\\/\\\/aarimetsa.fi\\\/artikkelit\\\/nelja-sisarusta-peri-metsatilan-sonkajarvelta\\\/#primaryimage\",\"url\":\"https:\\\/\\\/aarimetsa.fi\\\/wp-content\\\/uploads\\\/2021\\\/12\\\/DSCF0236-1.jpg\",\"contentUrl\":\"https:\\\/\\\/aarimetsa.fi\\\/wp-content\\\/uploads\\\/2021\\\/12\\\/DSCF0236-1.jpg\",\"width\":1920,\"height\":2560,\"caption\":\"AARI Yhteismets\u00e4n tuotto\"},{\"@type\":\"BreadcrumbList\",\"@id\":\"https:\\\/\\\/aarimetsa.fi\\\/artikkelit\\\/nelja-sisarusta-peri-metsatilan-sonkajarvelta\\\/#breadcrumb\",\"itemListElement\":[{\"@type\":\"ListItem\",\"position\":1,\"name\":\"Etusivu\",\"item\":\"https:\\\/\\\/aarimetsa.fi\\\/\"},{\"@type\":\"ListItem\",\"position\":2,\"name\":\"Nelj\u00e4 sisarusta peri mets\u00e4tilan Sonkaj\u00e4rvelt\u00e4\"}]},{\"@type\":\"WebSite\",\"@id\":\"https:\\\/\\\/aarimetsa.fi\\\/#website\",\"url\":\"https:\\\/\\\/aarimetsa.fi\\\/\",\"name\":\"AARI Mets\u00e4\",\"description\":\"Mets\u00e4si tulevaisuus\",\"publisher\":{\"@id\":\"https:\\\/\\\/aarimetsa.fi\\\/#organization\"},\"potentialAction\":[{\"@type\":\"SearchAction\",\"target\":{\"@type\":\"EntryPoint\",\"urlTemplate\":\"https:\\\/\\\/aarimetsa.fi\\\/?s={search_term_string}\"},\"query-input\":{\"@type\":\"PropertyValueSpecification\",\"valueRequired\":true,\"valueName\":\"search_term_string\"}}],\"inLanguage\":\"en-US\"},{\"@type\":\"Organization\",\"@id\":\"https:\\\/\\\/aarimetsa.fi\\\/#organization\",\"name\":\"AARI Mets\u00e4\",\"url\":\"https:\\\/\\\/aarimetsa.fi\\\/\",\"logo\":{\"@type\":\"ImageObject\",\"inLanguage\":\"en-US\",\"@id\":\"https:\\\/\\\/aarimetsa.fi\\\/#\\\/schema\\\/logo\\\/image\\\/\",\"url\":\"https:\\\/\\\/aarimetsa.fi\\\/wp-content\\\/uploads\\\/2021\\\/04\\\/aari-logo-for-seo.png\",\"contentUrl\":\"https:\\\/\\\/aarimetsa.fi\\\/wp-content\\\/uploads\\\/2021\\\/04\\\/aari-logo-for-seo.png\",\"width\":512,\"height\":512,\"caption\":\"AARI Mets\u00e4\"},\"image\":{\"@id\":\"https:\\\/\\\/aarimetsa.fi\\\/#\\\/schema\\\/logo\\\/image\\\/\"}},{\"@type\":\"Person\",\"@id\":\"https:\\\/\\\/aarimetsa.fi\\\/#\\\/schema\\\/person\\\/de31b8cbaa61f8ad0a0e89a64b46bcd0\",\"name\":\"Sari\",\"image\":{\"@type\":\"ImageObject\",\"inLanguage\":\"en-US\",\"@id\":\"https:\\\/\\\/secure.gravatar.com\\\/avatar\\\/de119e05a137aea673a9285f7ab8b17b0e068e3f2066de7b2b93104914d0d57b?s=96&d=mm&r=g\",\"url\":\"https:\\\/\\\/secure.gravatar.com\\\/avatar\\\/de119e05a137aea673a9285f7ab8b17b0e068e3f2066de7b2b93104914d0d57b?s=96&d=mm&r=g\",\"contentUrl\":\"https:\\\/\\\/secure.gravatar.com\\\/avatar\\\/de119e05a137aea673a9285f7ab8b17b0e068e3f2066de7b2b93104914d0d57b?s=96&d=mm&r=g\",\"caption\":\"Sari\"},\"url\":\"https:\\\/\\\/aarimetsa.fi\\\/en\\\/artikkelit\\\/author\\\/sari\\\/\"}]}<\/script>\n<!-- \/ Yoast SEO plugin. -->","yoast_head_json":{"title":"Nelj\u00e4 sisarusta peri mets\u00e4tilan Sonkaj\u00e4rvelt\u00e4 - AARI Mets\u00e4","robots":{"index":"index","follow":"follow","max-snippet":"max-snippet:-1","max-image-preview":"max-image-preview:large","max-video-preview":"max-video-preview:-1"},"canonical":"https:\/\/aarimetsa.fi\/en\/articles\/nelja-sisarusta-peri-metsatilan-sonkajarvelta\/","og_locale":"en_US","og_type":"article","og_title":"Nelj\u00e4 sisarusta peri mets\u00e4tilan Sonkaj\u00e4rvelt\u00e4 - AARI Mets\u00e4","og_description":"Nelj\u00e4 sisarusta peri Sonkaj\u00e4rvelt\u00e4 50 hehtaarin mets\u00e4tilan vanhemmiltaan. He tiedostivat, ett\u00e4 vastuullinen mets\u00e4nomistaminen vaatii aktiivisuutta, mutta se olisi tuottanut haasteita [&hellip;]","og_url":"https:\/\/aarimetsa.fi\/en\/articles\/nelja-sisarusta-peri-metsatilan-sonkajarvelta\/","og_site_name":"AARI Mets\u00e4","article_published_time":"2023-03-09T12:46:06+00:00","article_modified_time":"2023-05-17T10:50:39+00:00","og_image":[{"width":768,"height":1024,"url":"https:\/\/aarimetsa.fi\/wp-content\/uploads\/2021\/12\/DSCF0236-1-768x1024.jpg","type":"image\/jpeg"}],"author":"Sari","twitter_card":"summary_large_image","twitter_misc":{"Written by":"Sari"},"schema":{"@context":"https:\/\/schema.org","@graph":[{"@type":"Article","@id":"https:\/\/aarimetsa.fi\/artikkelit\/nelja-sisarusta-peri-metsatilan-sonkajarvelta\/#article","isPartOf":{"@id":"https:\/\/aarimetsa.fi\/artikkelit\/nelja-sisarusta-peri-metsatilan-sonkajarvelta\/"},"author":{"name":"Sari","@id":"https:\/\/aarimetsa.fi\/#\/schema\/person\/de31b8cbaa61f8ad0a0e89a64b46bcd0"},"headline":"Nelj\u00e4 sisarusta peri mets\u00e4tilan Sonkaj\u00e4rvelt\u00e4","datePublished":"2023-03-09T12:46:06+00:00","dateModified":"2023-05-17T10:50:39+00:00","mainEntityOfPage":{"@id":"https:\/\/aarimetsa.fi\/artikkelit\/nelja-sisarusta-peri-metsatilan-sonkajarvelta\/"},"wordCount":284,"publisher":{"@id":"https:\/\/aarimetsa.fi\/#organization"},"image":{"@id":"https:\/\/aarimetsa.fi\/artikkelit\/nelja-sisarusta-peri-metsatilan-sonkajarvelta\/#primaryimage"},"thumbnailUrl":"https:\/\/aarimetsa.fi\/wp-content\/uploads\/2021\/12\/DSCF0236-1.jpg","articleSection":["Kokemuksia"],"inLanguage":"en-US"},{"@type":"WebPage","@id":"https:\/\/aarimetsa.fi\/artikkelit\/nelja-sisarusta-peri-metsatilan-sonkajarvelta\/","url":"https:\/\/aarimetsa.fi\/artikkelit\/nelja-sisarusta-peri-metsatilan-sonkajarvelta\/","name":"Nelj\u00e4 sisarusta peri mets\u00e4tilan Sonkaj\u00e4rvelt\u00e4 - AARI Mets\u00e4","isPartOf":{"@id":"https:\/\/aarimetsa.fi\/#website"},"primaryImageOfPage":{"@id":"https:\/\/aarimetsa.fi\/artikkelit\/nelja-sisarusta-peri-metsatilan-sonkajarvelta\/#primaryimage"},"image":{"@id":"https:\/\/aarimetsa.fi\/artikkelit\/nelja-sisarusta-peri-metsatilan-sonkajarvelta\/#primaryimage"},"thumbnailUrl":"https:\/\/aarimetsa.fi\/wp-content\/uploads\/2021\/12\/DSCF0236-1.jpg","datePublished":"2023-03-09T12:46:06+00:00","dateModified":"2023-05-17T10:50:39+00:00","breadcrumb":{"@id":"https:\/\/aarimetsa.fi\/artikkelit\/nelja-sisarusta-peri-metsatilan-sonkajarvelta\/#breadcrumb"},"inLanguage":"en-US","potentialAction":[{"@type":"ReadAction","target":["https:\/\/aarimetsa.fi\/artikkelit\/nelja-sisarusta-peri-metsatilan-sonkajarvelta\/"]}]},{"@type":"ImageObject","inLanguage":"en-US","@id":"https:\/\/aarimetsa.fi\/artikkelit\/nelja-sisarusta-peri-metsatilan-sonkajarvelta\/#primaryimage","url":"https:\/\/aarimetsa.fi\/wp-content\/uploads\/2021\/12\/DSCF0236-1.jpg","contentUrl":"https:\/\/aarimetsa.fi\/wp-content\/uploads\/2021\/12\/DSCF0236-1.jpg","width":1920,"height":2560,"caption":"AARI Yhteismets\u00e4n tuotto"},{"@type":"BreadcrumbList","@id":"https:\/\/aarimetsa.fi\/artikkelit\/nelja-sisarusta-peri-metsatilan-sonkajarvelta\/#breadcrumb","itemListElement":[{"@type":"ListItem","position":1,"name":"Etusivu","item":"https:\/\/aarimetsa.fi\/"},{"@type":"ListItem","position":2,"name":"Nelj\u00e4 sisarusta peri mets\u00e4tilan Sonkaj\u00e4rvelt\u00e4"}]},{"@type":"WebSite","@id":"https:\/\/aarimetsa.fi\/#website","url":"https:\/\/aarimetsa.fi\/","name":"AARI Mets\u00e4","description":"The future potential of your forest","publisher":{"@id":"https:\/\/aarimetsa.fi\/#organization"},"potentialAction":[{"@type":"SearchAction","target":{"@type":"EntryPoint","urlTemplate":"https:\/\/aarimetsa.fi\/?s={search_term_string}"},"query-input":{"@type":"PropertyValueSpecification","valueRequired":true,"valueName":"search_term_string"}}],"inLanguage":"en-US"},{"@type":"Organization","@id":"https:\/\/aarimetsa.fi\/#organization","name":"AARI Mets\u00e4","url":"https:\/\/aarimetsa.fi\/","logo":{"@type":"ImageObject","inLanguage":"en-US","@id":"https:\/\/aarimetsa.fi\/#\/schema\/logo\/image\/","url":"https:\/\/aarimetsa.fi\/wp-content\/uploads\/2021\/04\/aari-logo-for-seo.png","contentUrl":"https:\/\/aarimetsa.fi\/wp-content\/uploads\/2021\/04\/aari-logo-for-seo.png","width":512,"height":512,"caption":"AARI Mets\u00e4"},"image":{"@id":"https:\/\/aarimetsa.fi\/#\/schema\/logo\/image\/"}},{"@type":"Person","@id":"https:\/\/aarimetsa.fi\/#\/schema\/person\/de31b8cbaa61f8ad0a0e89a64b46bcd0","name":"Sari","image":{"@type":"ImageObject","inLanguage":"en-US","@id":"https:\/\/secure.gravatar.com\/avatar\/de119e05a137aea673a9285f7ab8b17b0e068e3f2066de7b2b93104914d0d57b?s=96&d=mm&r=g","url":"https:\/\/secure.gravatar.com\/avatar\/de119e05a137aea673a9285f7ab8b17b0e068e3f2066de7b2b93104914d0d57b?s=96&d=mm&r=g","contentUrl":"https:\/\/secure.gravatar.com\/avatar\/de119e05a137aea673a9285f7ab8b17b0e068e3f2066de7b2b93104914d0d57b?s=96&d=mm&r=g","caption":"Sari"},"url":"https:\/\/aarimetsa.fi\/en\/artikkelit\/author\/sari\/"}]}},"_links":{"self":[{"href":"https:\/\/aarimetsa.fi\/en\/wp-json\/wp\/v2\/posts\/3425","targetHints":{"allow":["GET"]}}],"collection":[{"href":"https:\/\/aarimetsa.fi\/en\/wp-json\/wp\/v2\/posts"}],"about":[{"href":"https:\/\/aarimetsa.fi\/en\/wp-json\/wp\/v2\/types\/post"}],"author":[{"embeddable":true,"href":"https:\/\/aarimetsa.fi\/en\/wp-json\/wp\/v2\/users\/15"}],"replies":[{"embeddable":true,"href":"https:\/\/aarimetsa.fi\/en\/wp-json\/wp\/v2\/comments?post=3425"}],"version-history":[{"count":0,"href":"https:\/\/aarimetsa.fi\/en\/wp-json\/wp\/v2\/posts\/3425\/revisions"}],"wp:featuredmedia":[{"embeddable":true,"href":"https:\/\/aarimetsa.fi\/en\/wp-json\/wp\/v2\/media\/1514"}],"wp:attachment":[{"href":"https:\/\/aarimetsa.fi\/en\/wp-json\/wp\/v2\/media?parent=3425"}],"wp:term":[{"taxonomy":"category","embeddable":true,"href":"https:\/\/aarimetsa.fi\/en\/wp-json\/wp\/v2\/categories?post=3425"},{"taxonomy":"post_tag","embeddable":true,"href":"https:\/\/aarimetsa.fi\/en\/wp-json\/wp\/v2\/tags?post=3425"}],"curies":[{"name":"wp","href":"https:\/\/api.w.org\/{rel}","templated":true}]}}