{"id":3438,"date":"2026-03-26T09:26:00","date_gmt":"2026-03-26T07:26:00","guid":{"rendered":"https:\/\/aarimetsa.fi\/?p=3438"},"modified":"2026-03-26T14:10:52","modified_gmt":"2026-03-26T12:10:52","slug":"aari-yhteismetsan-vuosi-2025-ja-maksetut-ylijaamat","status":"publish","type":"post","link":"https:\/\/aarimetsa.fi\/en\/articles\/aari-yhteismetsan-vuosi-2025-ja-maksetut-ylijaamat\/","title":{"rendered":"<strong>AARI Yhteismets\u00e4n vuosi 2025 ja maksetut ylij\u00e4\u00e4m\u00e4t<\/strong>\u00a0"},"content":{"rendered":"<h2 class=\"wp-block-heading\"><strong>Tuotto, kehitys ja&nbsp;maksetut ylij\u00e4\u00e4m\u00e4t&nbsp;<\/strong>&nbsp;<\/h2>\n\n\n\n<p>AARI Yhteismets\u00e4n toimintavuosi&nbsp;2025&nbsp;sujui mainiosti. Pinta-ala kasvoi vuoden 2024 lopusta&nbsp;6 216&nbsp;hehtaarista&nbsp;6&nbsp;782&nbsp;hehtaariin. Samalla&nbsp;osakastilojen m\u00e4\u00e4r\u00e4&nbsp;nousi&nbsp;88&nbsp;kappaleesta&nbsp;109&nbsp;kappaleeseen,&nbsp;ja ylij\u00e4\u00e4m\u00e4\u00e4n oikeutettu osuuksien&nbsp;lukum\u00e4\u00e4r\u00e4 oli vuoden lopussa&nbsp;2&nbsp;723,236836 kappaletta.&nbsp;&nbsp;<\/p>\n\n\n\n<p>Yhteismets\u00e4osuuden arvo kehittyi&nbsp;odotusten mukaisesti.&nbsp;Yhteismets\u00e4osuuden&nbsp;laskennallinen nettovarallisuusarvo&nbsp;nousi vuoden 2025 aikana 13 752 eurosta 14 192 euroon.&nbsp;Yhteens\u00e4 yhteismets\u00e4n arvo oli vuodenvaihteessa&nbsp;37,4&nbsp;miljoonaa euroa. Kokonaisuudessaan yhteismets\u00e4n tuotto vuonna 2025&nbsp;oli&nbsp;7,2&nbsp;%,&nbsp;mik\u00e4 koostuu arvonnoususta&nbsp;sek\u00e4&nbsp;maksetusta ylij\u00e4\u00e4m\u00e4st\u00e4.&nbsp;Keskim\u00e4\u00e4r\u00e4inen yhteismets\u00e4n vuosituotto toiminnan alusta on 9,7 %.&nbsp;Maksettava ylij\u00e4\u00e4m\u00e4 osuutta kohden vuonna 2025&nbsp;on&nbsp;550&nbsp;\u20ac, joka&nbsp;on&nbsp;4&nbsp;% yhteismets\u00e4osuuden arvosta.&nbsp;Kun huomioidaan ylij\u00e4\u00e4m\u00e4n olevan&nbsp;osakkaalle verovapaata tuloa, maksettava tuotto vastaa noin 5,5 %&nbsp;verollista tuottoa&nbsp;30&nbsp;% p\u00e4\u00e4omatuloverokannalla.&nbsp;<\/p>\n\n\n\n<h2 class=\"wp-block-heading\"><strong>Liit\u00e4nn\u00e4t yhteismets\u00e4\u00e4n&nbsp;vuonna 2025<\/strong>&nbsp;<\/h2>\n\n\n\n<p>Vuonna 2025&nbsp;AARI Yhteismets\u00e4\u00e4n liitettiin 10 mets\u00e4tilaa. Liitettyjen&nbsp;tilojen pinta-ala oli&nbsp;yhteens\u00e4 680 hehtaaria, ja niiden arvo&nbsp;noin 3,8 miljoonaa euroa.&nbsp;Maantieteellisesti&nbsp;yhteismets\u00e4\u00e4n&nbsp;liitetyt mets\u00e4tilat painottuvat Pohjois-Savon ja Kainuun alueille.&nbsp;N\u00e4m\u00e4 mets\u00e4tilat liitettiin yhteismets\u00e4\u00e4n&nbsp;vuoden 2025 aikana&nbsp;kolmella&nbsp;eri&nbsp;liitynn\u00e4ll\u00e4. Jokainen liitynt\u00e4arvo lasketaan&nbsp;saman prosessin mukaisesti&nbsp;liitynt\u00e4hetken parametrien perusteella. Arvostuksessa k\u00e4ytettiin vuonna 2025&nbsp;viiden vuoden historiallisia keskim\u00e4\u00e4r\u00e4isi\u00e4 kantohintoja ja 4 %&nbsp;reaalista diskonttokorkoa. Arvostusperusteissa ei tapahtunut muutoksia edellisiin vuosiin verrattuna.&nbsp;Yhteismets\u00e4n nettovarallisuusarvo liitynt\u00f6jen lis\u00e4ksi&nbsp;lasketaan&nbsp;aina&nbsp;my\u00f6s kalenterivuoden lopussa.&nbsp;&nbsp;&nbsp;<\/p>\n\n\n\n<h2 class=\"wp-block-heading\"><strong>Osuuskaupat, hankinnat,&nbsp;myynnit&nbsp;ja sopimukset<\/strong>&nbsp;<\/h2>\n\n\n\n<p>Vuoden 2025&nbsp;aikana yhteismets\u00e4osuuksilla&nbsp;tehtiin&nbsp;8&nbsp;kauppaa, joissa myytiin&nbsp;yhteens\u00e4&nbsp;34 yhteismets\u00e4osuutta. Kauppahinnat olivat l\u00e4hell\u00e4&nbsp;yhteismets\u00e4osuuden sen hetkist\u00e4 arvoa, joten&nbsp;tavoitteemme yhteismets\u00e4osuuksien hyv\u00e4st\u00e4 likviditeetist\u00e4&nbsp;toteutui.&nbsp;AARI Yhteismets\u00e4 ei tehnyt suoria tilahankintoja&nbsp;vuoden 2025 aikana,&nbsp;mutta&nbsp;sen sijaan&nbsp;yhteismets\u00e4 teki&nbsp;kaksi myynti\u00e4.&nbsp;Myynnin kohteena olivat rantatontti&nbsp;Juuasta, sek\u00e4&nbsp;pihapiiri&nbsp;ja&nbsp;peltoalue Savonlinnasta.&nbsp;<\/p>\n\n\n\n<p>Vuonna 2025 yhteismets\u00e4 sai suojelukorvauksen Kajaanissa sijaitsevalta 54 hehtaarin Matosuoalueelta, joka kuuluu Helmisuojeluohjelmaan.&nbsp;Lis\u00e4ksi yhteismets\u00e4&nbsp;teki&nbsp;Polvij\u00e4rvell\u00e4&nbsp;sijaitsevasta&nbsp;14,5 hehtaarin alueesta&nbsp;ymp\u00e4rist\u00f6tukihakemuksen.&nbsp;Ymp\u00e4rist\u00f6tukihakemus&nbsp;odottaa&nbsp;Mets\u00e4keskuksen p\u00e4\u00e4t\u00f6st\u00e4.&nbsp;&nbsp;<\/p>\n\n\n\n<p>Yhteismets\u00e4 suhtautuu&nbsp;my\u00f6nteisesti&nbsp;uusiutuvan energian hankkeisiin. Vuoden 2025 aikana&nbsp;yhteismets\u00e4 teki&nbsp;3&nbsp;sopimusta&nbsp;tuulivoima-alueista.&nbsp;Yhteismets\u00e4ss\u00e4 tehdyt vuokrasopimukset ja yhteismets\u00e4st\u00e4 tehdyt myynnit lis\u00e4\u00e4v\u00e4t yhteismets\u00e4n tuottoa&nbsp;ja&nbsp;nostavat yhteismets\u00e4n arvoa.&nbsp;<\/p>\n\n\n\n<h2 class=\"wp-block-heading\"><strong>Puukaupat ja mets\u00e4nhoito<\/strong>&nbsp;<\/h2>\n\n\n\n<p>Puumarkkinoiden suhdanteisiin on reagoitu tekem\u00e4ll\u00e4 puukauppaa&nbsp;enn\u00e4tyshinnoilla&nbsp;etupainotteisesti vuonna&nbsp;2024&nbsp;sek\u00e4&nbsp;kev\u00e4\u00e4ll\u00e4 2025. Yhteismets\u00e4ll\u00e4 ei ole v\u00e4lit\u00f6nt\u00e4 tarvetta tehd\u00e4 puukauppaa kev\u00e4\u00e4ll\u00e4 2026.&nbsp;&nbsp;<\/p>\n\n\n\n<p>Mets\u00e4nhoitot\u00f6it\u00e4 toteutettiin vuoden 2025 aikana suunnitellusti. Mets\u00e4\u00e4 uudistettiin yli 110 hehtaaria,&nbsp;ja taimikonhoitoa toteutettiin noin 270 hehtaarin alalla. Yhteismets\u00e4ll\u00e4 ei ole merkitt\u00e4vi\u00e4 hoitor\u00e4stej\u00e4.&nbsp;Mets\u00e4n&nbsp;kasvua&nbsp;edistettiin lannoituksilla, joita tehtiin kokonaisuudessaan&nbsp;195 hehtaarilla.&nbsp;&nbsp;<\/p>\n\n\n\n<p>Yhteismets\u00e4n mets\u00e4tilojen kehitysluokat ovat painottuneet&nbsp;nuoriin ja varttuneisiin kasvatusmetsiin.&nbsp;Kehitysluokkajakauman ansiosta puusto on hyv\u00e4ss\u00e4 arvokasvuvaiheessa.&nbsp;Puuston ik\u00e4luokkajakauma on suhteellisen tasainen mahdollistaen hyv\u00e4n arvokasvun ja tasaisen kassavirran.&nbsp;FSC-sertifioinnin&nbsp;piiriss\u00e4 on 4 600 hehtaaria eli 84 %&nbsp;yhteismets\u00e4n&nbsp;pinta-alasta.&nbsp;<\/p>\n\n\n\n<p>AARI Yhteismets\u00e4n hakkuum\u00e4\u00e4r\u00e4t ovat vaihdelleet vuosina&nbsp;2022\u20132025&nbsp;liitettyjen tilojen profiilin sek\u00e4&nbsp;vallitsevan&nbsp;markkinatilanteen mukaisesti.&nbsp;Kantohintojen vaihtelua on k\u00e4ytetty hyv\u00e4ksi&nbsp;mets\u00e4suunnittelussa. Vuosina&nbsp;2023\u20132024&nbsp;myytiin&nbsp;tavallista enemm\u00e4n harvennuspuuta voimakkaasti nousseen kuitupuun hintatason seurauksena, ja&nbsp;puolestaan&nbsp;vuosina&nbsp;2025\u20132026&nbsp;kilpailutettiin&nbsp;p\u00e4\u00e4tehakkuita&nbsp;tukkipuun hinnan nousun seurauksena.&nbsp;<\/p>\n\n\n\n<h2 class=\"wp-block-heading\"><strong>AARI Yhteismets\u00e4 vuonna 2026<\/strong>&nbsp;<\/h2>\n\n\n\n<p>Jatkamme vuonna 2026&nbsp;lis\u00e4arvon luontia aktiivisella puukaupalla, tilarakenteen jalostuksella, hiilensidontakorvauksilla&nbsp;ja&nbsp;muilla mets\u00e4st\u00e4 saatavilla tuotoilla. Puukaupassa olemme onnistuneet saamaan selv\u00e4sti keskim\u00e4\u00e4r\u00e4ist\u00e4 mets\u00e4nomistajaa paremman&nbsp;hintatason. T\u00e4m\u00e4 on ollut mahdollista&nbsp;hy\u00f6dynt\u00e4m\u00e4ll\u00e4&nbsp;yhteismets\u00e4n tuomia&nbsp;skaalaetuja&nbsp;sek\u00e4&nbsp;yll\u00e4pit\u00e4m\u00e4ll\u00e4&nbsp;aktiivisia kontakteja puun&nbsp;ostajiin.&nbsp;&nbsp;&nbsp;<\/p>\n\n\n\n<p>AARI Yhteismets\u00e4n toiminta-ajatuksena on luoda koko Suomen alueella mets\u00e4tiloista sek\u00e4 ostojen ett\u00e4 liitt\u00e4misten kautta suurempia kokonaisuuksia, jolloin niiden hoitaminen on mets\u00e4talouden kannalta kustannustehokkaampaa ja tuottavampaa pienempiin mets\u00e4alueisiin verrattuna.&nbsp;Yhteismets\u00e4&nbsp;on my\u00f6s mets\u00e4nomistajan kannalta&nbsp;huoleton&nbsp;omistusmuoto, sill\u00e4 AARI Yhteismets\u00e4n&nbsp;ammattitaitoinen hoitokunta&nbsp;huolehtii mets\u00e4omaisuudesta&nbsp;samalla kun&nbsp;osakas p\u00e4\u00e4see nauttimaan tasaisesta tuotosta.&nbsp;<\/p>\n\n\n\n<p>Vuoden 2026 aikana jatkamme kasvua,&nbsp;jonka&nbsp;edellytyksen\u00e4&nbsp;on yhteismets\u00e4n kannattavuus. Uusia tiloja liitett\u00e4ess\u00e4 huomioidaan erityisesti tilojen sijainti, laatu ja korjuukelpoisuus.&nbsp;&nbsp;<\/p>\n\n\n\n<p>Read more <a href=\"https:\/\/aarimetsa.fi\/en\/common-forest\/\" type=\"link\" id=\"https:\/\/aarimetsa.fi\/yhteismetsa\/\">AARI Yhteismets\u00e4st\u00e4.<\/a><\/p>","protected":false},"excerpt":{"rendered":"<p>AARI Yhteismets\u00e4n toinen kokonainen toimintavuosi sujui mainiosti. Yhteismets\u00e4osuuden arvo kehittyi hyvin ja osuuden laskennallinen nettovarallisuusarvo nousi 12 590 euroon per osuus.<\/p>","protected":false},"author":15,"featured_media":1514,"comment_status":"closed","ping_status":"closed","sticky":false,"template":"","format":"standard","meta":{"_acf_changed":false,"_eb_attr":"","inline_featured_image":false,"footnotes":""},"categories":[92,1],"tags":[],"class_list":["post-3438","post","type-post","status-publish","format-standard","has-post-thumbnail","hentry","category-yhteismetsa","category-yleinen"],"acf":[],"yoast_head":"<!-- This site is optimized with the Yoast SEO plugin v27.4 - https:\/\/yoast.com\/product\/yoast-seo-wordpress\/ -->\n<title>AARI Yhteismets\u00e4n vuosi 2025 ja maksetut ylij\u00e4\u00e4m\u00e4t\u00a0 - AARI Mets\u00e4<\/title>\n<meta name=\"robots\" content=\"index, follow, max-snippet:-1, max-image-preview:large, max-video-preview:-1\" \/>\n<link rel=\"canonical\" href=\"https:\/\/aarimetsa.fi\/en\/articles\/aari-yhteismetsan-vuosi-2025-ja-maksetut-ylijaamat\/\" \/>\n<meta property=\"og:locale\" content=\"en_US\" \/>\n<meta property=\"og:type\" content=\"article\" \/>\n<meta property=\"og:title\" content=\"AARI Yhteismets\u00e4n vuosi 2025 ja maksetut ylij\u00e4\u00e4m\u00e4t\u00a0 - AARI Mets\u00e4\" \/>\n<meta property=\"og:description\" content=\"AARI Yhteismets\u00e4n toinen kokonainen toimintavuosi sujui mainiosti. Yhteismets\u00e4osuuden arvo kehittyi hyvin ja osuuden laskennallinen nettovarallisuusarvo nousi 12 590 euroon per osuus.\" \/>\n<meta property=\"og:url\" content=\"https:\/\/aarimetsa.fi\/en\/articles\/aari-yhteismetsan-vuosi-2025-ja-maksetut-ylijaamat\/\" \/>\n<meta property=\"og:site_name\" content=\"AARI Mets\u00e4\" \/>\n<meta property=\"article:published_time\" content=\"2026-03-26T07:26:00+00:00\" \/>\n<meta property=\"article:modified_time\" content=\"2026-03-26T12:10:52+00:00\" \/>\n<meta property=\"og:image\" content=\"https:\/\/aarimetsa.fi\/wp-content\/uploads\/2021\/12\/DSCF0236-1-768x1024.jpg\" \/>\n\t<meta property=\"og:image:width\" content=\"768\" \/>\n\t<meta property=\"og:image:height\" content=\"1024\" \/>\n\t<meta property=\"og:image:type\" content=\"image\/jpeg\" \/>\n<meta name=\"author\" content=\"Sari\" \/>\n<meta name=\"twitter:card\" content=\"summary_large_image\" \/>\n<meta name=\"twitter:label1\" content=\"Written by\" \/>\n\t<meta name=\"twitter:data1\" content=\"Sari\" \/>\n\t<meta name=\"twitter:label2\" content=\"Est. reading time\" \/>\n\t<meta name=\"twitter:data2\" content=\"4 minutes\" \/>\n<script type=\"application\/ld+json\" class=\"yoast-schema-graph\">{\"@context\":\"https:\\\/\\\/schema.org\",\"@graph\":[{\"@type\":\"Article\",\"@id\":\"https:\\\/\\\/aarimetsa.fi\\\/artikkelit\\\/aari-yhteismetsan-vuosi-2025-ja-maksetut-ylijaamat\\\/#article\",\"isPartOf\":{\"@id\":\"https:\\\/\\\/aarimetsa.fi\\\/artikkelit\\\/aari-yhteismetsan-vuosi-2025-ja-maksetut-ylijaamat\\\/\"},\"author\":{\"name\":\"Sari\",\"@id\":\"https:\\\/\\\/aarimetsa.fi\\\/#\\\/schema\\\/person\\\/de31b8cbaa61f8ad0a0e89a64b46bcd0\"},\"headline\":\"AARI Yhteismets\u00e4n vuosi 2025 ja maksetut ylij\u00e4\u00e4m\u00e4t\u00a0\",\"datePublished\":\"2026-03-26T07:26:00+00:00\",\"dateModified\":\"2026-03-26T12:10:52+00:00\",\"mainEntityOfPage\":{\"@id\":\"https:\\\/\\\/aarimetsa.fi\\\/artikkelit\\\/aari-yhteismetsan-vuosi-2025-ja-maksetut-ylijaamat\\\/\"},\"wordCount\":814,\"publisher\":{\"@id\":\"https:\\\/\\\/aarimetsa.fi\\\/#organization\"},\"image\":{\"@id\":\"https:\\\/\\\/aarimetsa.fi\\\/artikkelit\\\/aari-yhteismetsan-vuosi-2025-ja-maksetut-ylijaamat\\\/#primaryimage\"},\"thumbnailUrl\":\"https:\\\/\\\/aarimetsa.fi\\\/wp-content\\\/uploads\\\/2021\\\/12\\\/DSCF0236-1.jpg\",\"articleSection\":[\"Yhteismets\u00e4\",\"Yleinen\"],\"inLanguage\":\"en-US\"},{\"@type\":\"WebPage\",\"@id\":\"https:\\\/\\\/aarimetsa.fi\\\/artikkelit\\\/aari-yhteismetsan-vuosi-2025-ja-maksetut-ylijaamat\\\/\",\"url\":\"https:\\\/\\\/aarimetsa.fi\\\/artikkelit\\\/aari-yhteismetsan-vuosi-2025-ja-maksetut-ylijaamat\\\/\",\"name\":\"AARI Yhteismets\u00e4n vuosi 2025 ja maksetut ylij\u00e4\u00e4m\u00e4t\u00a0 - AARI Mets\u00e4\",\"isPartOf\":{\"@id\":\"https:\\\/\\\/aarimetsa.fi\\\/#website\"},\"primaryImageOfPage\":{\"@id\":\"https:\\\/\\\/aarimetsa.fi\\\/artikkelit\\\/aari-yhteismetsan-vuosi-2025-ja-maksetut-ylijaamat\\\/#primaryimage\"},\"image\":{\"@id\":\"https:\\\/\\\/aarimetsa.fi\\\/artikkelit\\\/aari-yhteismetsan-vuosi-2025-ja-maksetut-ylijaamat\\\/#primaryimage\"},\"thumbnailUrl\":\"https:\\\/\\\/aarimetsa.fi\\\/wp-content\\\/uploads\\\/2021\\\/12\\\/DSCF0236-1.jpg\",\"datePublished\":\"2026-03-26T07:26:00+00:00\",\"dateModified\":\"2026-03-26T12:10:52+00:00\",\"breadcrumb\":{\"@id\":\"https:\\\/\\\/aarimetsa.fi\\\/artikkelit\\\/aari-yhteismetsan-vuosi-2025-ja-maksetut-ylijaamat\\\/#breadcrumb\"},\"inLanguage\":\"en-US\",\"potentialAction\":[{\"@type\":\"ReadAction\",\"target\":[\"https:\\\/\\\/aarimetsa.fi\\\/artikkelit\\\/aari-yhteismetsan-vuosi-2025-ja-maksetut-ylijaamat\\\/\"]}]},{\"@type\":\"ImageObject\",\"inLanguage\":\"en-US\",\"@id\":\"https:\\\/\\\/aarimetsa.fi\\\/artikkelit\\\/aari-yhteismetsan-vuosi-2025-ja-maksetut-ylijaamat\\\/#primaryimage\",\"url\":\"https:\\\/\\\/aarimetsa.fi\\\/wp-content\\\/uploads\\\/2021\\\/12\\\/DSCF0236-1.jpg\",\"contentUrl\":\"https:\\\/\\\/aarimetsa.fi\\\/wp-content\\\/uploads\\\/2021\\\/12\\\/DSCF0236-1.jpg\",\"width\":1920,\"height\":2560,\"caption\":\"AARI Yhteismets\u00e4n tuotto\"},{\"@type\":\"BreadcrumbList\",\"@id\":\"https:\\\/\\\/aarimetsa.fi\\\/artikkelit\\\/aari-yhteismetsan-vuosi-2025-ja-maksetut-ylijaamat\\\/#breadcrumb\",\"itemListElement\":[{\"@type\":\"ListItem\",\"position\":1,\"name\":\"Etusivu\",\"item\":\"https:\\\/\\\/aarimetsa.fi\\\/\"},{\"@type\":\"ListItem\",\"position\":2,\"name\":\"AARI Yhteismets\u00e4n vuosi 2025 ja maksetut ylij\u00e4\u00e4m\u00e4t\u00a0\"}]},{\"@type\":\"WebSite\",\"@id\":\"https:\\\/\\\/aarimetsa.fi\\\/#website\",\"url\":\"https:\\\/\\\/aarimetsa.fi\\\/\",\"name\":\"AARI Mets\u00e4\",\"description\":\"Mets\u00e4si tulevaisuus\",\"publisher\":{\"@id\":\"https:\\\/\\\/aarimetsa.fi\\\/#organization\"},\"potentialAction\":[{\"@type\":\"SearchAction\",\"target\":{\"@type\":\"EntryPoint\",\"urlTemplate\":\"https:\\\/\\\/aarimetsa.fi\\\/?s={search_term_string}\"},\"query-input\":{\"@type\":\"PropertyValueSpecification\",\"valueRequired\":true,\"valueName\":\"search_term_string\"}}],\"inLanguage\":\"en-US\"},{\"@type\":\"Organization\",\"@id\":\"https:\\\/\\\/aarimetsa.fi\\\/#organization\",\"name\":\"AARI Mets\u00e4\",\"url\":\"https:\\\/\\\/aarimetsa.fi\\\/\",\"logo\":{\"@type\":\"ImageObject\",\"inLanguage\":\"en-US\",\"@id\":\"https:\\\/\\\/aarimetsa.fi\\\/#\\\/schema\\\/logo\\\/image\\\/\",\"url\":\"https:\\\/\\\/aarimetsa.fi\\\/wp-content\\\/uploads\\\/2021\\\/04\\\/aari-logo-for-seo.png\",\"contentUrl\":\"https:\\\/\\\/aarimetsa.fi\\\/wp-content\\\/uploads\\\/2021\\\/04\\\/aari-logo-for-seo.png\",\"width\":512,\"height\":512,\"caption\":\"AARI Mets\u00e4\"},\"image\":{\"@id\":\"https:\\\/\\\/aarimetsa.fi\\\/#\\\/schema\\\/logo\\\/image\\\/\"}},{\"@type\":\"Person\",\"@id\":\"https:\\\/\\\/aarimetsa.fi\\\/#\\\/schema\\\/person\\\/de31b8cbaa61f8ad0a0e89a64b46bcd0\",\"name\":\"Sari\",\"image\":{\"@type\":\"ImageObject\",\"inLanguage\":\"en-US\",\"@id\":\"https:\\\/\\\/secure.gravatar.com\\\/avatar\\\/de119e05a137aea673a9285f7ab8b17b0e068e3f2066de7b2b93104914d0d57b?s=96&d=mm&r=g\",\"url\":\"https:\\\/\\\/secure.gravatar.com\\\/avatar\\\/de119e05a137aea673a9285f7ab8b17b0e068e3f2066de7b2b93104914d0d57b?s=96&d=mm&r=g\",\"contentUrl\":\"https:\\\/\\\/secure.gravatar.com\\\/avatar\\\/de119e05a137aea673a9285f7ab8b17b0e068e3f2066de7b2b93104914d0d57b?s=96&d=mm&r=g\",\"caption\":\"Sari\"},\"url\":\"https:\\\/\\\/aarimetsa.fi\\\/en\\\/artikkelit\\\/author\\\/sari\\\/\"}]}<\/script>\n<!-- \/ Yoast SEO plugin. -->","yoast_head_json":{"title":"AARI Yhteismets\u00e4n vuosi 2025 ja maksetut ylij\u00e4\u00e4m\u00e4t\u00a0 - AARI Mets\u00e4","robots":{"index":"index","follow":"follow","max-snippet":"max-snippet:-1","max-image-preview":"max-image-preview:large","max-video-preview":"max-video-preview:-1"},"canonical":"https:\/\/aarimetsa.fi\/en\/articles\/aari-yhteismetsan-vuosi-2025-ja-maksetut-ylijaamat\/","og_locale":"en_US","og_type":"article","og_title":"AARI Yhteismets\u00e4n vuosi 2025 ja maksetut ylij\u00e4\u00e4m\u00e4t\u00a0 - AARI Mets\u00e4","og_description":"AARI Yhteismets\u00e4n toinen kokonainen toimintavuosi sujui mainiosti. Yhteismets\u00e4osuuden arvo kehittyi hyvin ja osuuden laskennallinen nettovarallisuusarvo nousi 12 590 euroon per osuus.","og_url":"https:\/\/aarimetsa.fi\/en\/articles\/aari-yhteismetsan-vuosi-2025-ja-maksetut-ylijaamat\/","og_site_name":"AARI Mets\u00e4","article_published_time":"2026-03-26T07:26:00+00:00","article_modified_time":"2026-03-26T12:10:52+00:00","og_image":[{"width":768,"height":1024,"url":"https:\/\/aarimetsa.fi\/wp-content\/uploads\/2021\/12\/DSCF0236-1-768x1024.jpg","type":"image\/jpeg"}],"author":"Sari","twitter_card":"summary_large_image","twitter_misc":{"Written by":"Sari","Est. reading time":"4 minutes"},"schema":{"@context":"https:\/\/schema.org","@graph":[{"@type":"Article","@id":"https:\/\/aarimetsa.fi\/artikkelit\/aari-yhteismetsan-vuosi-2025-ja-maksetut-ylijaamat\/#article","isPartOf":{"@id":"https:\/\/aarimetsa.fi\/artikkelit\/aari-yhteismetsan-vuosi-2025-ja-maksetut-ylijaamat\/"},"author":{"name":"Sari","@id":"https:\/\/aarimetsa.fi\/#\/schema\/person\/de31b8cbaa61f8ad0a0e89a64b46bcd0"},"headline":"AARI Yhteismets\u00e4n vuosi 2025 ja maksetut ylij\u00e4\u00e4m\u00e4t\u00a0","datePublished":"2026-03-26T07:26:00+00:00","dateModified":"2026-03-26T12:10:52+00:00","mainEntityOfPage":{"@id":"https:\/\/aarimetsa.fi\/artikkelit\/aari-yhteismetsan-vuosi-2025-ja-maksetut-ylijaamat\/"},"wordCount":814,"publisher":{"@id":"https:\/\/aarimetsa.fi\/#organization"},"image":{"@id":"https:\/\/aarimetsa.fi\/artikkelit\/aari-yhteismetsan-vuosi-2025-ja-maksetut-ylijaamat\/#primaryimage"},"thumbnailUrl":"https:\/\/aarimetsa.fi\/wp-content\/uploads\/2021\/12\/DSCF0236-1.jpg","articleSection":["Yhteismets\u00e4","Yleinen"],"inLanguage":"en-US"},{"@type":"WebPage","@id":"https:\/\/aarimetsa.fi\/artikkelit\/aari-yhteismetsan-vuosi-2025-ja-maksetut-ylijaamat\/","url":"https:\/\/aarimetsa.fi\/artikkelit\/aari-yhteismetsan-vuosi-2025-ja-maksetut-ylijaamat\/","name":"AARI Yhteismets\u00e4n vuosi 2025 ja maksetut ylij\u00e4\u00e4m\u00e4t\u00a0 - AARI Mets\u00e4","isPartOf":{"@id":"https:\/\/aarimetsa.fi\/#website"},"primaryImageOfPage":{"@id":"https:\/\/aarimetsa.fi\/artikkelit\/aari-yhteismetsan-vuosi-2025-ja-maksetut-ylijaamat\/#primaryimage"},"image":{"@id":"https:\/\/aarimetsa.fi\/artikkelit\/aari-yhteismetsan-vuosi-2025-ja-maksetut-ylijaamat\/#primaryimage"},"thumbnailUrl":"https:\/\/aarimetsa.fi\/wp-content\/uploads\/2021\/12\/DSCF0236-1.jpg","datePublished":"2026-03-26T07:26:00+00:00","dateModified":"2026-03-26T12:10:52+00:00","breadcrumb":{"@id":"https:\/\/aarimetsa.fi\/artikkelit\/aari-yhteismetsan-vuosi-2025-ja-maksetut-ylijaamat\/#breadcrumb"},"inLanguage":"en-US","potentialAction":[{"@type":"ReadAction","target":["https:\/\/aarimetsa.fi\/artikkelit\/aari-yhteismetsan-vuosi-2025-ja-maksetut-ylijaamat\/"]}]},{"@type":"ImageObject","inLanguage":"en-US","@id":"https:\/\/aarimetsa.fi\/artikkelit\/aari-yhteismetsan-vuosi-2025-ja-maksetut-ylijaamat\/#primaryimage","url":"https:\/\/aarimetsa.fi\/wp-content\/uploads\/2021\/12\/DSCF0236-1.jpg","contentUrl":"https:\/\/aarimetsa.fi\/wp-content\/uploads\/2021\/12\/DSCF0236-1.jpg","width":1920,"height":2560,"caption":"AARI Yhteismets\u00e4n tuotto"},{"@type":"BreadcrumbList","@id":"https:\/\/aarimetsa.fi\/artikkelit\/aari-yhteismetsan-vuosi-2025-ja-maksetut-ylijaamat\/#breadcrumb","itemListElement":[{"@type":"ListItem","position":1,"name":"Etusivu","item":"https:\/\/aarimetsa.fi\/"},{"@type":"ListItem","position":2,"name":"AARI Yhteismets\u00e4n vuosi 2025 ja maksetut ylij\u00e4\u00e4m\u00e4t\u00a0"}]},{"@type":"WebSite","@id":"https:\/\/aarimetsa.fi\/#website","url":"https:\/\/aarimetsa.fi\/","name":"AARI Mets\u00e4","description":"The future potential of your forest","publisher":{"@id":"https:\/\/aarimetsa.fi\/#organization"},"potentialAction":[{"@type":"SearchAction","target":{"@type":"EntryPoint","urlTemplate":"https:\/\/aarimetsa.fi\/?s={search_term_string}"},"query-input":{"@type":"PropertyValueSpecification","valueRequired":true,"valueName":"search_term_string"}}],"inLanguage":"en-US"},{"@type":"Organization","@id":"https:\/\/aarimetsa.fi\/#organization","name":"AARI Mets\u00e4","url":"https:\/\/aarimetsa.fi\/","logo":{"@type":"ImageObject","inLanguage":"en-US","@id":"https:\/\/aarimetsa.fi\/#\/schema\/logo\/image\/","url":"https:\/\/aarimetsa.fi\/wp-content\/uploads\/2021\/04\/aari-logo-for-seo.png","contentUrl":"https:\/\/aarimetsa.fi\/wp-content\/uploads\/2021\/04\/aari-logo-for-seo.png","width":512,"height":512,"caption":"AARI Mets\u00e4"},"image":{"@id":"https:\/\/aarimetsa.fi\/#\/schema\/logo\/image\/"}},{"@type":"Person","@id":"https:\/\/aarimetsa.fi\/#\/schema\/person\/de31b8cbaa61f8ad0a0e89a64b46bcd0","name":"Sari","image":{"@type":"ImageObject","inLanguage":"en-US","@id":"https:\/\/secure.gravatar.com\/avatar\/de119e05a137aea673a9285f7ab8b17b0e068e3f2066de7b2b93104914d0d57b?s=96&d=mm&r=g","url":"https:\/\/secure.gravatar.com\/avatar\/de119e05a137aea673a9285f7ab8b17b0e068e3f2066de7b2b93104914d0d57b?s=96&d=mm&r=g","contentUrl":"https:\/\/secure.gravatar.com\/avatar\/de119e05a137aea673a9285f7ab8b17b0e068e3f2066de7b2b93104914d0d57b?s=96&d=mm&r=g","caption":"Sari"},"url":"https:\/\/aarimetsa.fi\/en\/artikkelit\/author\/sari\/"}]}},"_links":{"self":[{"href":"https:\/\/aarimetsa.fi\/en\/wp-json\/wp\/v2\/posts\/3438","targetHints":{"allow":["GET"]}}],"collection":[{"href":"https:\/\/aarimetsa.fi\/en\/wp-json\/wp\/v2\/posts"}],"about":[{"href":"https:\/\/aarimetsa.fi\/en\/wp-json\/wp\/v2\/types\/post"}],"author":[{"embeddable":true,"href":"https:\/\/aarimetsa.fi\/en\/wp-json\/wp\/v2\/users\/15"}],"replies":[{"embeddable":true,"href":"https:\/\/aarimetsa.fi\/en\/wp-json\/wp\/v2\/comments?post=3438"}],"version-history":[{"count":0,"href":"https:\/\/aarimetsa.fi\/en\/wp-json\/wp\/v2\/posts\/3438\/revisions"}],"wp:featuredmedia":[{"embeddable":true,"href":"https:\/\/aarimetsa.fi\/en\/wp-json\/wp\/v2\/media\/1514"}],"wp:attachment":[{"href":"https:\/\/aarimetsa.fi\/en\/wp-json\/wp\/v2\/media?parent=3438"}],"wp:term":[{"taxonomy":"category","embeddable":true,"href":"https:\/\/aarimetsa.fi\/en\/wp-json\/wp\/v2\/categories?post=3438"},{"taxonomy":"post_tag","embeddable":true,"href":"https:\/\/aarimetsa.fi\/en\/wp-json\/wp\/v2\/tags?post=3438"}],"curies":[{"name":"wp","href":"https:\/\/api.w.org\/{rel}","templated":true}]}}