{"id":3875,"date":"2025-12-17T10:29:00","date_gmt":"2025-12-17T08:29:00","guid":{"rendered":"https:\/\/aarimetsa.fi\/?p=3875"},"modified":"2026-01-02T12:16:15","modified_gmt":"2026-01-02T10:16:15","slug":"iso-lamminnevan-ennallistaminen-turvetuotantoalueesta-elavaksi-kosteikoksi","status":"publish","type":"post","link":"https:\/\/aarimetsa.fi\/en\/articles\/iso-lamminnevan-ennallistaminen-turvetuotantoalueesta-elavaksi-kosteikoksi\/","title":{"rendered":"Turvetuotantoalueesta el\u00e4v\u00e4ksi kosteikoksi"},"content":{"rendered":"<p>Kerroimme aikaisemmassa <a href=\"https:\/\/aarimetsa.fi\/en\/articles\/palauttamassa-turvetuotannon-tuhoamaa-elinymparistoa\/\">blogissa<\/a> kosteikkohankkeestamme K\u00e4rs\u00e4m\u00e4en Iso-Lamminnevalla, jonka tarkoituksena on muuttaa entinen turvetuotantoalue kosteikkoelinymp\u00e4rist\u00f6ksi. Hanke on saanut rahoitusta Euroopan Unionin Oikeudenmukaisen siirtym\u00e4n rahastosta (JTF). Iso-Lamminnevan ennallistaminen on ajankohtainen esimerkki siit\u00e4, miten k\u00e4yt\u00f6st\u00e4 poistunut turvetuotantoalue voidaan muuttaa el\u00e4v\u00e4ksi kosteikoksi. Turvetuotantoalueen ennallistaminen tukee luonnon monimuotoisuutta, parantaa vesiensuojelua ja v\u00e4hent\u00e4\u00e4 turvemaiden ilmastop\u00e4\u00e4st\u00f6j\u00e4. Iso-Lamminnevan kosteikkohanke perustui projektissa huolellisesti laadittuun toimenpidesuunnitelmaan ja eteni vaiheittain kohti toimivaa kosteikkokokonaisuutta. <\/p>\n\n\n\n<h2 class=\"wp-block-heading\">L\u00e4ht\u00f6tilanne<\/h2>\n\n\n\n<p>Iso-Lamminneva on k\u00e4yt\u00f6st\u00e4 poistunut turvetuotantoalue, jossa turpeen nosto on p\u00e4\u00e4ttynyt ja lupavelvoitteet ovat rauenneet. Kokonaisuudessaan kohteen pinta-ala on yli 30 hehtaaria. Alueella oli ennen kosteikon rakentamisen aloittamista laajoja paljaita turvepintoja ja ojitettu vesitalous, mik\u00e4 heikensi luonnon tilaa ja kuormitti alapuolisia vesist\u00f6j\u00e4. Ennallistaminen mahdollistaa alueen vesitalouden palauttamisen l\u00e4hemm\u00e4s luonnontilaista suota sek\u00e4 uudenlaisten elinymp\u00e4rist\u00f6jen syntymisen.<\/p>\n\n\n\n<p>Ajankohta projektille oli otollinen, koska alue soveltuu hyvien yhteyksien vuoksi teknisesti kosteikkorakentamiseen ja sen sijainti valuma-alueella tekee siit\u00e4 tehokkaan vesiensuojelukohteen. Ennallistaminen tukee my\u00f6s laajempia tavoitteita, kuten vesilintujen elinymp\u00e4rist\u00f6jen lis\u00e4\u00e4mist\u00e4 ja kuivatettujen turvemaiden haitallisten ilmastop\u00e4\u00e4st\u00f6jen v\u00e4hent\u00e4mist\u00e4.<\/p>\n\n\n\n<p>Iso-Lamminnevan ennallistamisen k\u00e4yt\u00e4nn\u00f6n ty\u00f6t perustuivat vuonna 2024 laadittuun kosteikon perustamisen toimenpidesuunnitelmaan. Suunnitelmassa m\u00e4\u00e4riteltiin alueen rakenteet, vedenkorkeudet, padot, laskeutusaltaat ja kasvillisuuskent\u00e4t sek\u00e4 hoito ja kunnossapito. <\/p>\n\n\n\n<h2 class=\"wp-block-heading\">Rakennusty\u00f6t<\/h2>\n\n\n\n<p>Rakennusty\u00f6t tehtiin kahdessa eri vaiheessa vuonna 2025. Ensimm\u00e4isess\u00e4 vaiheessa talvella muotoiltiin isot rakenteet kuten patopenkereet. T\u00e4m\u00e4 ty\u00f6vaihe on k\u00e4yt\u00e4nn\u00f6ss\u00e4 parasta tehd\u00e4 silloin, kun maa on j\u00e4\u00e4ss\u00e4. Toisessa vaiheessa syksyll\u00e4 2025 alue viimeisteltiin valmiiksi kosteikoksi. Kosteikolle ajettiin jonkun verran soraa pohjapatojen rakentamista varten, mink\u00e4 lis\u00e4ksi rakenteisiin hankittiin pohjaputkia veden ohjaamiseksi ja korkeuden s\u00e4\u00e4t\u00e4miseksi.<\/p>\n\n\n\n<figure class=\"wp-block-image size-full\"><img loading=\"lazy\" decoding=\"async\" width=\"904\" height=\"904\" src=\"https:\/\/aarimetsa.fi\/wp-content\/uploads\/2024\/01\/Nayttokuva-2026-01-02-kello-12.10.28.png\" alt=\"\" class=\"wp-image-3883\" srcset=\"https:\/\/aari.wpenginepowered.com\/wp-content\/uploads\/2024\/01\/Nayttokuva-2026-01-02-kello-12.10.28.png 904w, https:\/\/aari.wpenginepowered.com\/wp-content\/uploads\/2024\/01\/Nayttokuva-2026-01-02-kello-12.10.28-300x300.png 300w, https:\/\/aari.wpenginepowered.com\/wp-content\/uploads\/2024\/01\/Nayttokuva-2026-01-02-kello-12.10.28-150x150.png 150w, https:\/\/aari.wpenginepowered.com\/wp-content\/uploads\/2024\/01\/Nayttokuva-2026-01-02-kello-12.10.28-768x768.png 768w, https:\/\/aari.wpenginepowered.com\/wp-content\/uploads\/2024\/01\/Nayttokuva-2026-01-02-kello-12.10.28-12x12.png 12w\" sizes=\"auto, (max-width: 904px) 100vw, 904px\" \/><figcaption class=\"wp-element-caption\">T\u00f6iden aloitus ja patopengerten perustuksien tekoa j\u00e4iseen aikaan\u200b<\/figcaption><\/figure>\n\n\n\n<h2 class=\"wp-block-heading\">Useasta osa alueesta toimivaksi kokonaisuudeksi<\/h2>\n\n\n\n<p>Iso-Lamminnevan kosteikko muodostuu valmiina nelj\u00e4st\u00e4 toisiaan t\u00e4ydent\u00e4v\u00e4st\u00e4 osa alueesta. Jokaisella osa alueella on oma teht\u00e4v\u00e4ns\u00e4, mutta yhdess\u00e4 ne muodostavat monitoimisen kosteikkokokonaisuuden. Rakenteet on suunniteltu siten, ett\u00e4 virtaamat hidastuvat, vesi viipyy alueella pidemp\u00e4\u00e4n ja kiintoaine sek\u00e4 ravinteet sitoutuvat tehokkaasti.<\/p>\n\n\n\n<p>Kokonaisuus mahdollistaa my\u00f6s vedenkorkeuden s\u00e4\u00e4telyn eri vuodenaikoina, mik\u00e4 tukee sek\u00e4 vesiensuojelua ett\u00e4 lajiston monimuotoisuut<\/p>\n\n\n\n<p>Ensimm\u00e4inen osa-alue keskittyy mataliin vesiin ja liejupintaisiin alueisiin. Alueelle rakennettiin patopenkereit\u00e4, liejupintaisia saaria ja tulvatasanteita. N\u00e4iden avulla syntyy matalan veden alueita, jotka soveltuvat erityisesti kahlaajille ja vesilinnuille ruokailuun ja lev\u00e4hdykseen.<\/p>\n\n\n\n<p>Osa-alueen vedenkorkeutta voidaan s\u00e4\u00e4t\u00e4\u00e4 virtaamans\u00e4\u00e4t\u00f6padon avulla, mik\u00e4 mahdollistaa liejupintojen ajoittaisen paljastumisen ja uudelleen peittymisen vedell\u00e4. T\u00e4m\u00e4 vaihtelu on t\u00e4rke\u00e4\u00e4 monille kosteikkolajeille.<\/p>\n\n\n\n<p>Toinen osa-alue toimii laajana vesiensuojelukosteikkona, johon ohjataan vett\u00e4 satojen hehtaarien valuma-alueelta. Alueelle rakennettiin uusia avouomia, laskeutusallas, patopenkereet ja liejupintaisia saaria. Rakenteiden tarkoituksena on hidastaa veden virtausta ja lis\u00e4t\u00e4 sen viipym\u00e4\u00e4.<\/p>\n\n\n\n<p>Kun vesi viipyy kosteikolla pidemp\u00e4\u00e4n, kiintoaine ja siihen sitoutuneet ravinteet laskeutuvat pohjalle tai sitoutuvat kasvillisuuteen. T\u00e4m\u00e4 v\u00e4hent\u00e4\u00e4 tulevaisuudessa alapuolisten vesist\u00f6jen kuormitusta.<\/p>\n\n\n\n<p>Kolmas osa alue keskittyy erityisesti laskeutusaltaisiin ja kasvillisuuskenttiin. Alueelle ohjataan vett\u00e4 etel\u00e4iselt\u00e4 turvetuotantoalueelta, ja sen alkuosaan rakennettiin laskeutusaltaiden kaltaisia rakenteita, sek\u00e4 ns. kasvillisuuskentt\u00e4, joka toimii pintavalutuksen tapaan. Vesi virtaa hitaasti kasvillisuuden l\u00e4pi, jolloin kiintoaine ja ravinteet sitoutuvat tehokkaasti. Ratkaisu parantaa vesiensuojelun tehoa erityisesti kes\u00e4aikaan, jolloin virtaamat ovat pienempi\u00e4.<\/p>\n\n\n\n<p>Kosteikon nelj\u00e4s osa-alue on turvetuotannon aikana k\u00e4ytetty entinen pintavalutuskentt\u00e4, joka ennallistettiin kehittym\u00e4\u00e4n takaisin kohti suoksi. Alue oli vanhojen ilmakuvien perusteella ollut puutonta suota ennen turvetuotannon aloitusta, mink\u00e4 aikana sinne se oli metsittynyt tihe\u00e4ksi hieskoivikoksi. Nyt sielt\u00e4 poistettiin valtaosa puustosta ja penkereiden aukkoja tukittiin ja sade- sek\u00e4 sulamisveden annetaan jatkossa kerty\u00e4 alueelle luonnollisesti. Soistumisen k\u00e4ynnistyminen palauttaa alueen luontaista vesitaloutta ja v\u00e4hent\u00e4\u00e4 turpeen hajoamisesta aiheutuvia p\u00e4\u00e4st\u00f6j\u00e4. Samalla alueelle kehittyy uusia suoelinymp\u00e4rist\u00f6j\u00e4.<\/p>\n\n\n\n<figure class=\"wp-block-image size-full\"><img loading=\"lazy\" decoding=\"async\" width=\"660\" height=\"876\" src=\"https:\/\/aarimetsa.fi\/wp-content\/uploads\/2024\/01\/Nayttokuva-2026-01-02-kello-12.10.58.png\" alt=\"\" class=\"wp-image-3884\" srcset=\"https:\/\/aari.wpenginepowered.com\/wp-content\/uploads\/2024\/01\/Nayttokuva-2026-01-02-kello-12.10.58.png 660w, https:\/\/aari.wpenginepowered.com\/wp-content\/uploads\/2024\/01\/Nayttokuva-2026-01-02-kello-12.10.58-226x300.png 226w, https:\/\/aari.wpenginepowered.com\/wp-content\/uploads\/2024\/01\/Nayttokuva-2026-01-02-kello-12.10.58-9x12.png 9w\" sizes=\"auto, (max-width: 660px) 100vw, 660px\" \/><figcaption class=\"wp-element-caption\">Valmis kosteikko<\/figcaption><\/figure>\n\n\n\n<h2 class=\"wp-block-heading\">Elinymp\u00e4rist\u00f6j\u00e4 vesilinnuille ja kahlaajille<\/h2>\n\n\n\n<p>Iso-Lamminnevan kosteikko tarjoaa tulevaisuudessa monipuolisia elinymp\u00e4rist\u00f6j\u00e4 vesilinnuille, kahlaajille ja muille kosteikkolajeille. Matalat vedet, liejupinnat, saaret ja vaihtelevat vedenkorkeudet luovat ruokailu- ja lev\u00e4hdysalueita eri lajiryhmille. Ensimm\u00e4isen ennallistamista seuranneen syksyn aikana alueella havaittiinkin jo satoja joutsenia lev\u00e4ht\u00e4m\u00e4ss\u00e4 ja ruokailemassa, mik\u00e4 osoittaa, ett\u00e4 kosteikko on nopeasti otettu osaksi muuttolinnuston k\u00e4ytt\u00e4m\u00e4\u00e4 elinymp\u00e4rist\u00f6\u00e4.<\/p>\n\n\n\n<p>Avoimuuden lis\u00e4\u00e4minen kosteikon reuna-alueilla v\u00e4hent\u00e4\u00e4 petopainetta ja parantaa lintujen pesim\u00e4 ja lev\u00e4hdysolosuhteita. Kosteikon kehittyess\u00e4 hy\u00f6tyv\u00e4t my\u00f6s muut lajit, kuten sammakkoel\u00e4imet ja hy\u00f6nteiset.<\/p>\n\n\n\n<h2 class=\"wp-block-heading\">Vesiensuojelu, ilmastohy\u00f6dyt sek\u00e4 virkistysk\u00e4ytt\u00f6 kulkevat k\u00e4si k\u00e4dess\u00e4<\/h2>\n\n\n\n<p>Kosteikon perustaminen k\u00e4yt\u00f6st\u00e4 poistetulle turvetuotantoalueelle parantaa vesiensuojelua sitomalla ravinteita ja kiintoainesta ennen kuin vedet p\u00e4\u00e4tyv\u00e4t alapuolisiin vesist\u00f6ihin. Laajat vesialueet ja hidas virtaus v\u00e4hent\u00e4v\u00e4t eroosiota ja tulvariskej\u00e4.<\/p>\n\n\n\n<p>Vetetyill\u00e4 turvemailla turpeen hajoaminen hidastuu, mik\u00e4 v\u00e4hent\u00e4\u00e4 hiilidioksidi ja dityppioksidip\u00e4\u00e4st\u00f6j\u00e4. N\u00e4in vesiensuojelu ja ilmastohy\u00f6dyt tukevat toisiaan.<\/p>\n\n\n\n<p>Iso-Lamminnevan kosteikko soveltuu my\u00f6s luonnon tarkkailuun ja virkistysk\u00e4ytt\u00f6\u00f6n. Alueelle on mahdollista saapua melko helposti, ja patopenkereet tarjoavat kulkureittej\u00e4 ja n\u00e4kym\u00e4paikkoja. Kohde toimii esimerkkin\u00e4 turvetuotannon j\u00e4lkik\u00e4yt\u00f6st\u00e4 ja kosteikkorakentamisesta, ja se tarjoaa mahdollisuuksia oppimiseen ja luonnon havainnointiin.<\/p>\n\n\n\n<h2 class=\"wp-block-heading\">Hoito, seuranta ja tulevaisuuden n\u00e4kym\u00e4t<\/h2>\n\n\n\n<p>Kosteikon toimivuus perustuu s\u00e4\u00e4nn\u00f6lliseen hoitoon ja seurantaan. Patolaitteet ja penkereet tarkistetaan s\u00e4\u00e4nn\u00f6llisesti, ja vedenkorkeuksia s\u00e4\u00e4det\u00e4\u00e4n tarpeen mukaan. Kasvillisuuden kehittymist\u00e4 seurataan ja tarvittaessa ohjataan.<\/p>\n\n\n\n<p>Iso Lamminnevan ennallistaminen tarjoaa arvokasta tietoa tulevia kosteikkohankkeita varten. Se osoittaa, miten turvetuotantoalue voidaan palauttaa osaksi el\u00e4v\u00e4\u00e4 luontoa hallitusti ja pitk\u00e4j\u00e4nteisesti.<\/p>\n\n\n\n<p><\/p>\n\n\n\n<figure class=\"wp-block-image size-large\"><img loading=\"lazy\" decoding=\"async\" width=\"1024\" height=\"243\" src=\"https:\/\/aarimetsa.fi\/wp-content\/uploads\/2024\/10\/FI_Co-fundedbytheEU_RGB_BLACK-Outline-1024x243.png\" alt=\"\" class=\"wp-image-3683\" srcset=\"https:\/\/aari.wpenginepowered.com\/wp-content\/uploads\/2024\/10\/FI_Co-fundedbytheEU_RGB_BLACK-Outline-1024x243.png 1024w, https:\/\/aari.wpenginepowered.com\/wp-content\/uploads\/2024\/10\/FI_Co-fundedbytheEU_RGB_BLACK-Outline-300x71.png 300w, https:\/\/aari.wpenginepowered.com\/wp-content\/uploads\/2024\/10\/FI_Co-fundedbytheEU_RGB_BLACK-Outline-768x183.png 768w, https:\/\/aari.wpenginepowered.com\/wp-content\/uploads\/2024\/10\/FI_Co-fundedbytheEU_RGB_BLACK-Outline-1536x365.png 1536w, https:\/\/aari.wpenginepowered.com\/wp-content\/uploads\/2024\/10\/FI_Co-fundedbytheEU_RGB_BLACK-Outline-2048x487.png 2048w, https:\/\/aari.wpenginepowered.com\/wp-content\/uploads\/2024\/10\/FI_Co-fundedbytheEU_RGB_BLACK-Outline-18x4.png 18w\" sizes=\"auto, (max-width: 1024px) 100vw, 1024px\" \/><\/figure>","protected":false},"excerpt":{"rendered":"<p>Ennallistaminen mahdollistaa alueen vesitalouden palauttamisen l\u00e4hemm\u00e4s luonnontilaista suota sek\u00e4 uudenlaisten elinymp\u00e4rist\u00f6jen syntymisen.<\/p>","protected":false},"author":15,"featured_media":3881,"comment_status":"closed","ping_status":"closed","sticky":false,"template":"","format":"standard","meta":{"_acf_changed":false,"_eb_attr":"","inline_featured_image":false,"footnotes":""},"categories":[6,5,1],"tags":[],"class_list":["post-3875","post","type-post","status-publish","format-standard","has-post-thumbnail","hentry","category-biodiversiteetti","category-hiilinielu","category-yleinen"],"acf":[],"yoast_head":"<!-- This site is optimized with the Yoast SEO plugin v27.4 - https:\/\/yoast.com\/product\/yoast-seo-wordpress\/ -->\n<title>Turvetuotantoalueesta el\u00e4v\u00e4ksi kosteikoksi - AARI Mets\u00e4<\/title>\n<meta name=\"robots\" content=\"index, follow, max-snippet:-1, max-image-preview:large, max-video-preview:-1\" \/>\n<link rel=\"canonical\" href=\"https:\/\/aarimetsa.fi\/en\/articles\/iso-lamminnevan-ennallistaminen-turvetuotantoalueesta-elavaksi-kosteikoksi\/\" \/>\n<meta property=\"og:locale\" content=\"en_US\" \/>\n<meta property=\"og:type\" content=\"article\" \/>\n<meta property=\"og:title\" content=\"Turvetuotantoalueesta el\u00e4v\u00e4ksi kosteikoksi - AARI Mets\u00e4\" \/>\n<meta property=\"og:description\" content=\"Ennallistaminen mahdollistaa alueen vesitalouden palauttamisen l\u00e4hemm\u00e4s luonnontilaista suota sek\u00e4 uudenlaisten elinymp\u00e4rist\u00f6jen syntymisen.\" \/>\n<meta property=\"og:url\" content=\"https:\/\/aarimetsa.fi\/en\/articles\/iso-lamminnevan-ennallistaminen-turvetuotantoalueesta-elavaksi-kosteikoksi\/\" \/>\n<meta property=\"og:site_name\" content=\"AARI Mets\u00e4\" \/>\n<meta property=\"article:published_time\" content=\"2025-12-17T08:29:00+00:00\" \/>\n<meta property=\"article:modified_time\" content=\"2026-01-02T10:16:15+00:00\" \/>\n<meta property=\"og:image\" content=\"https:\/\/aarimetsa.fi\/wp-content\/uploads\/2024\/01\/Nayttokuva-2026-01-02-kello-12.11.24-1024x758.png\" \/>\n\t<meta property=\"og:image:width\" content=\"1024\" \/>\n\t<meta property=\"og:image:height\" content=\"758\" \/>\n\t<meta property=\"og:image:type\" content=\"image\/png\" \/>\n<meta name=\"author\" content=\"Sari\" \/>\n<meta name=\"twitter:card\" content=\"summary_large_image\" \/>\n<meta name=\"twitter:label1\" content=\"Written by\" \/>\n\t<meta name=\"twitter:data1\" content=\"Sari\" \/>\n\t<meta name=\"twitter:label2\" content=\"Est. reading time\" \/>\n\t<meta name=\"twitter:data2\" content=\"6 minutes\" \/>\n<script type=\"application\/ld+json\" class=\"yoast-schema-graph\">{\"@context\":\"https:\\\/\\\/schema.org\",\"@graph\":[{\"@type\":\"Article\",\"@id\":\"https:\\\/\\\/aarimetsa.fi\\\/artikkelit\\\/iso-lamminnevan-ennallistaminen-turvetuotantoalueesta-elavaksi-kosteikoksi\\\/#article\",\"isPartOf\":{\"@id\":\"https:\\\/\\\/aarimetsa.fi\\\/artikkelit\\\/iso-lamminnevan-ennallistaminen-turvetuotantoalueesta-elavaksi-kosteikoksi\\\/\"},\"author\":{\"name\":\"Sari\",\"@id\":\"https:\\\/\\\/aarimetsa.fi\\\/#\\\/schema\\\/person\\\/de31b8cbaa61f8ad0a0e89a64b46bcd0\"},\"headline\":\"Turvetuotantoalueesta el\u00e4v\u00e4ksi kosteikoksi\",\"datePublished\":\"2025-12-17T08:29:00+00:00\",\"dateModified\":\"2026-01-02T10:16:15+00:00\",\"mainEntityOfPage\":{\"@id\":\"https:\\\/\\\/aarimetsa.fi\\\/artikkelit\\\/iso-lamminnevan-ennallistaminen-turvetuotantoalueesta-elavaksi-kosteikoksi\\\/\"},\"wordCount\":863,\"publisher\":{\"@id\":\"https:\\\/\\\/aarimetsa.fi\\\/#organization\"},\"image\":{\"@id\":\"https:\\\/\\\/aarimetsa.fi\\\/artikkelit\\\/iso-lamminnevan-ennallistaminen-turvetuotantoalueesta-elavaksi-kosteikoksi\\\/#primaryimage\"},\"thumbnailUrl\":\"https:\\\/\\\/aarimetsa.fi\\\/wp-content\\\/uploads\\\/2024\\\/01\\\/Nayttokuva-2026-01-02-kello-12.11.24.png\",\"articleSection\":[\"Biodiversiteetti\",\"Hiilinielu\",\"Yleinen\"],\"inLanguage\":\"en-US\"},{\"@type\":\"WebPage\",\"@id\":\"https:\\\/\\\/aarimetsa.fi\\\/artikkelit\\\/iso-lamminnevan-ennallistaminen-turvetuotantoalueesta-elavaksi-kosteikoksi\\\/\",\"url\":\"https:\\\/\\\/aarimetsa.fi\\\/artikkelit\\\/iso-lamminnevan-ennallistaminen-turvetuotantoalueesta-elavaksi-kosteikoksi\\\/\",\"name\":\"Turvetuotantoalueesta el\u00e4v\u00e4ksi kosteikoksi - AARI Mets\u00e4\",\"isPartOf\":{\"@id\":\"https:\\\/\\\/aarimetsa.fi\\\/#website\"},\"primaryImageOfPage\":{\"@id\":\"https:\\\/\\\/aarimetsa.fi\\\/artikkelit\\\/iso-lamminnevan-ennallistaminen-turvetuotantoalueesta-elavaksi-kosteikoksi\\\/#primaryimage\"},\"image\":{\"@id\":\"https:\\\/\\\/aarimetsa.fi\\\/artikkelit\\\/iso-lamminnevan-ennallistaminen-turvetuotantoalueesta-elavaksi-kosteikoksi\\\/#primaryimage\"},\"thumbnailUrl\":\"https:\\\/\\\/aarimetsa.fi\\\/wp-content\\\/uploads\\\/2024\\\/01\\\/Nayttokuva-2026-01-02-kello-12.11.24.png\",\"datePublished\":\"2025-12-17T08:29:00+00:00\",\"dateModified\":\"2026-01-02T10:16:15+00:00\",\"breadcrumb\":{\"@id\":\"https:\\\/\\\/aarimetsa.fi\\\/artikkelit\\\/iso-lamminnevan-ennallistaminen-turvetuotantoalueesta-elavaksi-kosteikoksi\\\/#breadcrumb\"},\"inLanguage\":\"en-US\",\"potentialAction\":[{\"@type\":\"ReadAction\",\"target\":[\"https:\\\/\\\/aarimetsa.fi\\\/artikkelit\\\/iso-lamminnevan-ennallistaminen-turvetuotantoalueesta-elavaksi-kosteikoksi\\\/\"]}]},{\"@type\":\"ImageObject\",\"inLanguage\":\"en-US\",\"@id\":\"https:\\\/\\\/aarimetsa.fi\\\/artikkelit\\\/iso-lamminnevan-ennallistaminen-turvetuotantoalueesta-elavaksi-kosteikoksi\\\/#primaryimage\",\"url\":\"https:\\\/\\\/aarimetsa.fi\\\/wp-content\\\/uploads\\\/2024\\\/01\\\/Nayttokuva-2026-01-02-kello-12.11.24.png\",\"contentUrl\":\"https:\\\/\\\/aarimetsa.fi\\\/wp-content\\\/uploads\\\/2024\\\/01\\\/Nayttokuva-2026-01-02-kello-12.11.24.png\",\"width\":1284,\"height\":950},{\"@type\":\"BreadcrumbList\",\"@id\":\"https:\\\/\\\/aarimetsa.fi\\\/artikkelit\\\/iso-lamminnevan-ennallistaminen-turvetuotantoalueesta-elavaksi-kosteikoksi\\\/#breadcrumb\",\"itemListElement\":[{\"@type\":\"ListItem\",\"position\":1,\"name\":\"Etusivu\",\"item\":\"https:\\\/\\\/aarimetsa.fi\\\/\"},{\"@type\":\"ListItem\",\"position\":2,\"name\":\"Turvetuotantoalueesta el\u00e4v\u00e4ksi kosteikoksi\"}]},{\"@type\":\"WebSite\",\"@id\":\"https:\\\/\\\/aarimetsa.fi\\\/#website\",\"url\":\"https:\\\/\\\/aarimetsa.fi\\\/\",\"name\":\"AARI Mets\u00e4\",\"description\":\"Mets\u00e4si tulevaisuus\",\"publisher\":{\"@id\":\"https:\\\/\\\/aarimetsa.fi\\\/#organization\"},\"potentialAction\":[{\"@type\":\"SearchAction\",\"target\":{\"@type\":\"EntryPoint\",\"urlTemplate\":\"https:\\\/\\\/aarimetsa.fi\\\/?s={search_term_string}\"},\"query-input\":{\"@type\":\"PropertyValueSpecification\",\"valueRequired\":true,\"valueName\":\"search_term_string\"}}],\"inLanguage\":\"en-US\"},{\"@type\":\"Organization\",\"@id\":\"https:\\\/\\\/aarimetsa.fi\\\/#organization\",\"name\":\"AARI Mets\u00e4\",\"url\":\"https:\\\/\\\/aarimetsa.fi\\\/\",\"logo\":{\"@type\":\"ImageObject\",\"inLanguage\":\"en-US\",\"@id\":\"https:\\\/\\\/aarimetsa.fi\\\/#\\\/schema\\\/logo\\\/image\\\/\",\"url\":\"https:\\\/\\\/aarimetsa.fi\\\/wp-content\\\/uploads\\\/2021\\\/04\\\/aari-logo-for-seo.png\",\"contentUrl\":\"https:\\\/\\\/aarimetsa.fi\\\/wp-content\\\/uploads\\\/2021\\\/04\\\/aari-logo-for-seo.png\",\"width\":512,\"height\":512,\"caption\":\"AARI Mets\u00e4\"},\"image\":{\"@id\":\"https:\\\/\\\/aarimetsa.fi\\\/#\\\/schema\\\/logo\\\/image\\\/\"}},{\"@type\":\"Person\",\"@id\":\"https:\\\/\\\/aarimetsa.fi\\\/#\\\/schema\\\/person\\\/de31b8cbaa61f8ad0a0e89a64b46bcd0\",\"name\":\"Sari\",\"image\":{\"@type\":\"ImageObject\",\"inLanguage\":\"en-US\",\"@id\":\"https:\\\/\\\/secure.gravatar.com\\\/avatar\\\/de119e05a137aea673a9285f7ab8b17b0e068e3f2066de7b2b93104914d0d57b?s=96&d=mm&r=g\",\"url\":\"https:\\\/\\\/secure.gravatar.com\\\/avatar\\\/de119e05a137aea673a9285f7ab8b17b0e068e3f2066de7b2b93104914d0d57b?s=96&d=mm&r=g\",\"contentUrl\":\"https:\\\/\\\/secure.gravatar.com\\\/avatar\\\/de119e05a137aea673a9285f7ab8b17b0e068e3f2066de7b2b93104914d0d57b?s=96&d=mm&r=g\",\"caption\":\"Sari\"},\"url\":\"https:\\\/\\\/aarimetsa.fi\\\/en\\\/artikkelit\\\/author\\\/sari\\\/\"}]}<\/script>\n<!-- \/ Yoast SEO plugin. -->","yoast_head_json":{"title":"Turvetuotantoalueesta el\u00e4v\u00e4ksi kosteikoksi - AARI Mets\u00e4","robots":{"index":"index","follow":"follow","max-snippet":"max-snippet:-1","max-image-preview":"max-image-preview:large","max-video-preview":"max-video-preview:-1"},"canonical":"https:\/\/aarimetsa.fi\/en\/articles\/iso-lamminnevan-ennallistaminen-turvetuotantoalueesta-elavaksi-kosteikoksi\/","og_locale":"en_US","og_type":"article","og_title":"Turvetuotantoalueesta el\u00e4v\u00e4ksi kosteikoksi - AARI Mets\u00e4","og_description":"Ennallistaminen mahdollistaa alueen vesitalouden palauttamisen l\u00e4hemm\u00e4s luonnontilaista suota sek\u00e4 uudenlaisten elinymp\u00e4rist\u00f6jen syntymisen.","og_url":"https:\/\/aarimetsa.fi\/en\/articles\/iso-lamminnevan-ennallistaminen-turvetuotantoalueesta-elavaksi-kosteikoksi\/","og_site_name":"AARI Mets\u00e4","article_published_time":"2025-12-17T08:29:00+00:00","article_modified_time":"2026-01-02T10:16:15+00:00","og_image":[{"width":1024,"height":758,"url":"https:\/\/aarimetsa.fi\/wp-content\/uploads\/2024\/01\/Nayttokuva-2026-01-02-kello-12.11.24-1024x758.png","type":"image\/png"}],"author":"Sari","twitter_card":"summary_large_image","twitter_misc":{"Written by":"Sari","Est. reading time":"6 minutes"},"schema":{"@context":"https:\/\/schema.org","@graph":[{"@type":"Article","@id":"https:\/\/aarimetsa.fi\/artikkelit\/iso-lamminnevan-ennallistaminen-turvetuotantoalueesta-elavaksi-kosteikoksi\/#article","isPartOf":{"@id":"https:\/\/aarimetsa.fi\/artikkelit\/iso-lamminnevan-ennallistaminen-turvetuotantoalueesta-elavaksi-kosteikoksi\/"},"author":{"name":"Sari","@id":"https:\/\/aarimetsa.fi\/#\/schema\/person\/de31b8cbaa61f8ad0a0e89a64b46bcd0"},"headline":"Turvetuotantoalueesta el\u00e4v\u00e4ksi kosteikoksi","datePublished":"2025-12-17T08:29:00+00:00","dateModified":"2026-01-02T10:16:15+00:00","mainEntityOfPage":{"@id":"https:\/\/aarimetsa.fi\/artikkelit\/iso-lamminnevan-ennallistaminen-turvetuotantoalueesta-elavaksi-kosteikoksi\/"},"wordCount":863,"publisher":{"@id":"https:\/\/aarimetsa.fi\/#organization"},"image":{"@id":"https:\/\/aarimetsa.fi\/artikkelit\/iso-lamminnevan-ennallistaminen-turvetuotantoalueesta-elavaksi-kosteikoksi\/#primaryimage"},"thumbnailUrl":"https:\/\/aarimetsa.fi\/wp-content\/uploads\/2024\/01\/Nayttokuva-2026-01-02-kello-12.11.24.png","articleSection":["Biodiversiteetti","Hiilinielu","Yleinen"],"inLanguage":"en-US"},{"@type":"WebPage","@id":"https:\/\/aarimetsa.fi\/artikkelit\/iso-lamminnevan-ennallistaminen-turvetuotantoalueesta-elavaksi-kosteikoksi\/","url":"https:\/\/aarimetsa.fi\/artikkelit\/iso-lamminnevan-ennallistaminen-turvetuotantoalueesta-elavaksi-kosteikoksi\/","name":"Turvetuotantoalueesta el\u00e4v\u00e4ksi kosteikoksi - AARI Mets\u00e4","isPartOf":{"@id":"https:\/\/aarimetsa.fi\/#website"},"primaryImageOfPage":{"@id":"https:\/\/aarimetsa.fi\/artikkelit\/iso-lamminnevan-ennallistaminen-turvetuotantoalueesta-elavaksi-kosteikoksi\/#primaryimage"},"image":{"@id":"https:\/\/aarimetsa.fi\/artikkelit\/iso-lamminnevan-ennallistaminen-turvetuotantoalueesta-elavaksi-kosteikoksi\/#primaryimage"},"thumbnailUrl":"https:\/\/aarimetsa.fi\/wp-content\/uploads\/2024\/01\/Nayttokuva-2026-01-02-kello-12.11.24.png","datePublished":"2025-12-17T08:29:00+00:00","dateModified":"2026-01-02T10:16:15+00:00","breadcrumb":{"@id":"https:\/\/aarimetsa.fi\/artikkelit\/iso-lamminnevan-ennallistaminen-turvetuotantoalueesta-elavaksi-kosteikoksi\/#breadcrumb"},"inLanguage":"en-US","potentialAction":[{"@type":"ReadAction","target":["https:\/\/aarimetsa.fi\/artikkelit\/iso-lamminnevan-ennallistaminen-turvetuotantoalueesta-elavaksi-kosteikoksi\/"]}]},{"@type":"ImageObject","inLanguage":"en-US","@id":"https:\/\/aarimetsa.fi\/artikkelit\/iso-lamminnevan-ennallistaminen-turvetuotantoalueesta-elavaksi-kosteikoksi\/#primaryimage","url":"https:\/\/aarimetsa.fi\/wp-content\/uploads\/2024\/01\/Nayttokuva-2026-01-02-kello-12.11.24.png","contentUrl":"https:\/\/aarimetsa.fi\/wp-content\/uploads\/2024\/01\/Nayttokuva-2026-01-02-kello-12.11.24.png","width":1284,"height":950},{"@type":"BreadcrumbList","@id":"https:\/\/aarimetsa.fi\/artikkelit\/iso-lamminnevan-ennallistaminen-turvetuotantoalueesta-elavaksi-kosteikoksi\/#breadcrumb","itemListElement":[{"@type":"ListItem","position":1,"name":"Etusivu","item":"https:\/\/aarimetsa.fi\/"},{"@type":"ListItem","position":2,"name":"Turvetuotantoalueesta el\u00e4v\u00e4ksi kosteikoksi"}]},{"@type":"WebSite","@id":"https:\/\/aarimetsa.fi\/#website","url":"https:\/\/aarimetsa.fi\/","name":"AARI Mets\u00e4","description":"The future potential of your forest","publisher":{"@id":"https:\/\/aarimetsa.fi\/#organization"},"potentialAction":[{"@type":"SearchAction","target":{"@type":"EntryPoint","urlTemplate":"https:\/\/aarimetsa.fi\/?s={search_term_string}"},"query-input":{"@type":"PropertyValueSpecification","valueRequired":true,"valueName":"search_term_string"}}],"inLanguage":"en-US"},{"@type":"Organization","@id":"https:\/\/aarimetsa.fi\/#organization","name":"AARI Mets\u00e4","url":"https:\/\/aarimetsa.fi\/","logo":{"@type":"ImageObject","inLanguage":"en-US","@id":"https:\/\/aarimetsa.fi\/#\/schema\/logo\/image\/","url":"https:\/\/aarimetsa.fi\/wp-content\/uploads\/2021\/04\/aari-logo-for-seo.png","contentUrl":"https:\/\/aarimetsa.fi\/wp-content\/uploads\/2021\/04\/aari-logo-for-seo.png","width":512,"height":512,"caption":"AARI Mets\u00e4"},"image":{"@id":"https:\/\/aarimetsa.fi\/#\/schema\/logo\/image\/"}},{"@type":"Person","@id":"https:\/\/aarimetsa.fi\/#\/schema\/person\/de31b8cbaa61f8ad0a0e89a64b46bcd0","name":"Sari","image":{"@type":"ImageObject","inLanguage":"en-US","@id":"https:\/\/secure.gravatar.com\/avatar\/de119e05a137aea673a9285f7ab8b17b0e068e3f2066de7b2b93104914d0d57b?s=96&d=mm&r=g","url":"https:\/\/secure.gravatar.com\/avatar\/de119e05a137aea673a9285f7ab8b17b0e068e3f2066de7b2b93104914d0d57b?s=96&d=mm&r=g","contentUrl":"https:\/\/secure.gravatar.com\/avatar\/de119e05a137aea673a9285f7ab8b17b0e068e3f2066de7b2b93104914d0d57b?s=96&d=mm&r=g","caption":"Sari"},"url":"https:\/\/aarimetsa.fi\/en\/artikkelit\/author\/sari\/"}]}},"_links":{"self":[{"href":"https:\/\/aarimetsa.fi\/en\/wp-json\/wp\/v2\/posts\/3875","targetHints":{"allow":["GET"]}}],"collection":[{"href":"https:\/\/aarimetsa.fi\/en\/wp-json\/wp\/v2\/posts"}],"about":[{"href":"https:\/\/aarimetsa.fi\/en\/wp-json\/wp\/v2\/types\/post"}],"author":[{"embeddable":true,"href":"https:\/\/aarimetsa.fi\/en\/wp-json\/wp\/v2\/users\/15"}],"replies":[{"embeddable":true,"href":"https:\/\/aarimetsa.fi\/en\/wp-json\/wp\/v2\/comments?post=3875"}],"version-history":[{"count":0,"href":"https:\/\/aarimetsa.fi\/en\/wp-json\/wp\/v2\/posts\/3875\/revisions"}],"wp:featuredmedia":[{"embeddable":true,"href":"https:\/\/aarimetsa.fi\/en\/wp-json\/wp\/v2\/media\/3881"}],"wp:attachment":[{"href":"https:\/\/aarimetsa.fi\/en\/wp-json\/wp\/v2\/media?parent=3875"}],"wp:term":[{"taxonomy":"category","embeddable":true,"href":"https:\/\/aarimetsa.fi\/en\/wp-json\/wp\/v2\/categories?post=3875"},{"taxonomy":"post_tag","embeddable":true,"href":"https:\/\/aarimetsa.fi\/en\/wp-json\/wp\/v2\/tags?post=3875"}],"curies":[{"name":"wp","href":"https:\/\/api.w.org\/{rel}","templated":true}]}}